{"id":124786,"date":"2025-11-18T17:30:40","date_gmt":"2025-11-18T20:30:40","guid":{"rendered":"https:\/\/blogdoedvaldomagalhaes.com.br\/?p=124786"},"modified":"2025-11-18T17:40:18","modified_gmt":"2025-11-18T20:40:18","slug":"jorge-quintino-solicita-melhorias-em-portal-ja-existente-para-ampliar-a-transparencia-e-facilitar-o-entendimento-sobre-o-uso-das-multas-de-transito-em-caruaru","status":"publish","type":"post","link":"https:\/\/blogdoedvaldomagalhaes.com.br\/index.php\/2025\/11\/18\/jorge-quintino-solicita-melhorias-em-portal-ja-existente-para-ampliar-a-transparencia-e-facilitar-o-entendimento-sobre-o-uso-das-multas-de-transito-em-caruaru\/","title":{"rendered":"Jorge Quintino solicita melhorias em portal j\u00e1 existente para ampliar a transpar\u00eancia e facilitar o entendimento sobre o uso das multas de tr\u00e2nsito em Caruaru"},"content":{"rendered":"<p>_Requerimento sugere ajustes no portal atual para ampliar transpar\u00eancia e explicar de forma acess\u00edvel o objetivo das multas.._<\/p>\n<p>O vereador Jorge Quintino (PODE) apresentou \u00e0 C\u00e2mara Municipal um requerimento solicitando que a Prefeitura de Caruaru *aperfei\u00e7oe o portal j\u00e1 existente que re\u00fane informa\u00e7\u00f5es sobre a arrecada\u00e7\u00e3o e a destina\u00e7\u00e3o das multas de tr\u00e2nsito.* O parlamentar refor\u00e7a que, embora a ferramenta esteja dispon\u00edvel, o acesso ainda n\u00e3o \u00e9 simples para a popula\u00e7\u00e3o comum, e muitas informa\u00e7\u00f5es t\u00e9cnicas n\u00e3o s\u00e3o compreendidas com facilidade pelos cidad\u00e3os.<\/p>\n<p>A proposta do vereador \u00e9 que o portal seja reorganizado de forma mais did\u00e1tica e vis\u00edvel, facilitando o acesso aos dados sobre receitas, despesas e \u00e0 aplica\u00e7\u00e3o dos valores arrecadados &#8211; conforme determina o C\u00f3digo de Tr\u00e2nsito Brasileiro (CTB). Ele solicita tamb\u00e9m que o sistema detalhe de maneira clara qual \u00e9 o objetivo de cada tipo de multa, permitindo que o cidad\u00e3o saiba exatamente por que ela existe e como sua arrecada\u00e7\u00e3o deve ser utilizada pela gest\u00e3o municipal.<\/p>\n<p>O vereador tamb\u00e9m destacou que a transpar\u00eancia ativa \u00e9 essencial para fortalecer a confian\u00e7a da popula\u00e7\u00e3o. Para isso, prop\u00f5e mecanismos simplificados de consulta p\u00fablica, alinhados \u00e0 Lei de Acesso \u00e0 Informa\u00e7\u00e3o (LAI) e \u00e0s orienta\u00e7\u00f5es do CONTRAN, garantindo que dados de interesse coletivo estejam organizados e acess\u00edveis.<\/p>\n<p>_\u201cOs moradores de Caruaru t\u00eam pedido mais clareza sobre a quantidade e a arrecada\u00e7\u00e3o das multas de tr\u00e2nsito. A ferramenta existe, mas \u00e9 de forma t\u00e9cnica. Torn\u00e1-la simples e explicativa permitir\u00e1 que qualquer cidad\u00e3o acompanhe, de forma clara, onde esse dinheiro est\u00e1 sendo aplicado e qual \u00e9 o intuito das multas. Transpar\u00eancia \u00e9 um compromisso com a confian\u00e7a da popula\u00e7\u00e3o\u201d,_ afirmou o vereador.<\/p>\n<p>O parlamentar tamb\u00e9m lembrou que experi\u00eancias semelhantes adotadas em outros munic\u00edpios resultaram em ganhos significativos para o controle social e para a efici\u00eancia da gest\u00e3o p\u00fablica. Segundo ele, Caruaru j\u00e1 avan\u00e7ou, inclusive com o reconhecimento do Minist\u00e9rio P\u00fablico sobre a regularidade das a\u00e7\u00f5es da Prefeitura, mas precisa dar o pr\u00f3ximo passo, tornando as informa\u00e7\u00f5es mais acess\u00edveis ao cidad\u00e3o comum.<\/p>\n<p>A proposta segue agora para avalia\u00e7\u00e3o do Executivo Municipal. Foto: Divulga\u00e7\u00e3o<br \/>\nSeja seguidor do Instagram @portaledvaldomagalhaes<\/p>\n","protected":false},"excerpt":{"rendered":"<p>_Requerimento sugere ajustes no portal atual para ampliar transpar\u00eancia e explicar de forma acess\u00edvel o objetivo das multas.._ O vereador&hellip;<\/p>\n","protected":false},"author":1,"featured_media":124790,"comment_status":"closed","ping_status":"open","sticky":false,"template":"","format":"standard","meta":{"footnotes":""},"categories":[14122],"tags":[13146,35300,34634],"class_list":["post-124786","post","type-post","status-publish","format-standard","has-post-thumbnail","hentry","category-politica","tag-blog-edvaldo-magalhaes","tag-jorge-quintino-solicita-melhorias-em-portal-ja-existente-para-ampliar-a-transparencia-e-facilitar-o-entendimento-sobre-o-uso-das-multas-de-transito-em-caruaru","tag-portal-edvaldo-magalhaes"],"_links":{"self":[{"href":"https:\/\/blogdoedvaldomagalhaes.com.br\/index.php\/wp-json\/wp\/v2\/posts\/124786","targetHints":{"allow":["GET"]}}],"collection":[{"href":"https:\/\/blogdoedvaldomagalhaes.com.br\/index.php\/wp-json\/wp\/v2\/posts"}],"about":[{"href":"https:\/\/blogdoedvaldomagalhaes.com.br\/index.php\/wp-json\/wp\/v2\/types\/post"}],"author":[{"embeddable":true,"href":"https:\/\/blogdoedvaldomagalhaes.com.br\/index.php\/wp-json\/wp\/v2\/users\/1"}],"replies":[{"embeddable":true,"href":"https:\/\/blogdoedvaldomagalhaes.com.br\/index.php\/wp-json\/wp\/v2\/comments?post=124786"}],"version-history":[{"count":1,"href":"https:\/\/blogdoedvaldomagalhaes.com.br\/index.php\/wp-json\/wp\/v2\/posts\/124786\/revisions"}],"predecessor-version":[{"id":124787,"href":"https:\/\/blogdoedvaldomagalhaes.com.br\/index.php\/wp-json\/wp\/v2\/posts\/124786\/revisions\/124787"}],"wp:featuredmedia":[{"embeddable":true,"href":"https:\/\/blogdoedvaldomagalhaes.com.br\/index.php\/wp-json\/wp\/v2\/media\/124790"}],"wp:attachment":[{"href":"https:\/\/blogdoedvaldomagalhaes.com.br\/index.php\/wp-json\/wp\/v2\/media?parent=124786"}],"wp:term":[{"taxonomy":"category","embeddable":true,"href":"https:\/\/blogdoedvaldomagalhaes.com.br\/index.php\/wp-json\/wp\/v2\/categories?post=124786"},{"taxonomy":"post_tag","embeddable":true,"href":"https:\/\/blogdoedvaldomagalhaes.com.br\/index.php\/wp-json\/wp\/v2\/tags?post=124786"}],"curies":[{"name":"wp","href":"https:\/\/api.w.org\/{rel}","templated":true}]}}