{"id":124776,"date":"2025-11-18T13:36:32","date_gmt":"2025-11-18T16:36:32","guid":{"rendered":"https:\/\/blogdoedvaldomagalhaes.com.br\/?p=124776"},"modified":"2025-11-18T13:42:00","modified_gmt":"2025-11-18T16:42:00","slug":"novo-jardim-boa-vista-traz-conceito-inovador-de-moradia-a-caruaru","status":"publish","type":"post","link":"https:\/\/blogdoedvaldomagalhaes.com.br\/index.php\/2025\/11\/18\/novo-jardim-boa-vista-traz-conceito-inovador-de-moradia-a-caruaru\/","title":{"rendered":"Novo Jardim Boa Vista traz conceito inovador de moradia a Caruaru"},"content":{"rendered":"<p>_O projeto contribuir\u00e1 com a urbaniza\u00e7\u00e3o e o fortalecimento do mercado imobili\u00e1rio local_<\/p>\n<p>Caruaru, polo econ\u00f4mico do Agreste e uma das cidades que mais se desenvolvem em Pernambuco, receber\u00e1 seu mais novo projeto imobili\u00e1rio de grande porte. Em uma das \u00faltimas \u00e1reas centrais dispon\u00edveis para expans\u00e3o urbana, ser\u00e1 implantado o Novo Jardim Boa Vista, da LOTEAR Desenvolvimento Urbano, que j\u00e1 comemora sucesso de vendas da sua primeira etapa, com mais de 300 lotes vendidos do total no pr\u00e9-lan\u00e7amento. Integrante do Grupo Soma Par, a empresa promete transformar a din\u00e2mica do tradicional bairro Jardim Boa Vista, reformulando o projeto inicialmente desenvolvido pela EMIPEL, em parceria com a LIVIC, e consolidando um novo momento para o mercado imobili\u00e1rio local.<\/p>\n<p><img loading=\"lazy\" decoding=\"async\" src=\"https:\/\/blogdoedvaldomagalhaes.com.br\/wp-content\/uploads\/2025\/11\/novo-jardim-boa-vista-imagem-23240985898045205832.jpg\" class=\"alignnone size-full wp-image-124780\" width=\"1280\" height=\"720\" srcset=\"https:\/\/blogdoedvaldomagalhaes.com.br\/wp-content\/uploads\/2025\/11\/novo-jardim-boa-vista-imagem-23240985898045205832.jpg 1280w, https:\/\/blogdoedvaldomagalhaes.com.br\/wp-content\/uploads\/2025\/11\/novo-jardim-boa-vista-imagem-23240985898045205832-300x169.jpg 300w, https:\/\/blogdoedvaldomagalhaes.com.br\/wp-content\/uploads\/2025\/11\/novo-jardim-boa-vista-imagem-23240985898045205832-1024x576.jpg 1024w, https:\/\/blogdoedvaldomagalhaes.com.br\/wp-content\/uploads\/2025\/11\/novo-jardim-boa-vista-imagem-23240985898045205832-768x432.jpg 768w, https:\/\/blogdoedvaldomagalhaes.com.br\/wp-content\/uploads\/2025\/11\/novo-jardim-boa-vista-imagem-23240985898045205832-1140x641.jpg 1140w, https:\/\/blogdoedvaldomagalhaes.com.br\/wp-content\/uploads\/2025\/11\/novo-jardim-boa-vista-imagem-23240985898045205832-720x405.jpg 720w\" sizes=\"auto, (max-width: 1280px) 100vw, 1280px\" \/>A LOTEAR Desenvolvimento Urbano \u00e9 uma empresa j\u00e1 conhecida dos caruaruenses pela rela\u00e7\u00e3o pr\u00f3xima com os seus empreendimentos em Tamandar\u00e9, a exemplo do Nova Tamandar\u00e9, destino escolhido para veraneio por muitas fam\u00edlias de Caruaru. A confian\u00e7a entre empresa e clientes caruaruenses trouxe a Lotear para desenvolver seu primeiro loteamento na capital do Agreste.<br \/>\nA empresa, que j\u00e1 atua h\u00e1 dez anos em outros munic\u00edpios estrat\u00e9gicos de Pernambuco, chega \u00e0 cidade comprometida com um crescimento ordenado e de qualidade. \u201cMais do que entregar lotes, queremos contribuir para o desenvolvimento urbano sustent\u00e1vel, criando bairros planejados que proporcionem qualidade de vida e valorizem a cidade como um todo\u201d, afirma Vitor Paes Barreto, s\u00f3cio da Lotear.<\/p>\n<p><img loading=\"lazy\" decoding=\"async\" src=\"https:\/\/blogdoedvaldomagalhaes.com.br\/wp-content\/uploads\/2025\/11\/novo-jardim-boa-vista-imagem-36773313449276334783.jpg\" class=\"alignnone size-full wp-image-124781\" width=\"1280\" height=\"720\" srcset=\"https:\/\/blogdoedvaldomagalhaes.com.br\/wp-content\/uploads\/2025\/11\/novo-jardim-boa-vista-imagem-36773313449276334783.jpg 1280w, https:\/\/blogdoedvaldomagalhaes.com.br\/wp-content\/uploads\/2025\/11\/novo-jardim-boa-vista-imagem-36773313449276334783-300x169.jpg 300w, https:\/\/blogdoedvaldomagalhaes.com.br\/wp-content\/uploads\/2025\/11\/novo-jardim-boa-vista-imagem-36773313449276334783-1024x576.jpg 1024w, https:\/\/blogdoedvaldomagalhaes.com.br\/wp-content\/uploads\/2025\/11\/novo-jardim-boa-vista-imagem-36773313449276334783-768x432.jpg 768w, https:\/\/blogdoedvaldomagalhaes.com.br\/wp-content\/uploads\/2025\/11\/novo-jardim-boa-vista-imagem-36773313449276334783-1140x641.jpg 1140w, https:\/\/blogdoedvaldomagalhaes.com.br\/wp-content\/uploads\/2025\/11\/novo-jardim-boa-vista-imagem-36773313449276334783-720x405.jpg 720w\" sizes=\"auto, (max-width: 1280px) 100vw, 1280px\" \/><\/p>\n<p>Novo Jardim Boa Vista<br \/>\nO empreendimento contar\u00e1 com 1.198lotes legalizados e registrados, com metragens entre 160m\u00b2 e 475m\u00b2. No total, s\u00e3o mais de 900 mil m\u00b2 de \u00e1rea, dos quais aproximadamente 338 mil m\u00b2 ser\u00e3o destinados a \u00e1reas de lazer abertas, incluindo pra\u00e7as, parque, pista de caminhada, quadras poliesportivas, equipamentos comunit\u00e1rios e espa\u00e7os verdes. Em breve, ser\u00e3o disponibilizados mais 542 lotes para comercializa\u00e7\u00e3o.<br \/>\nA oferta de lotes em localiza\u00e7\u00f5es centrais \u00e9 cada vez mais rara em Caruaru, o que torna o projeto ainda mais atrativo. \u201cTrata-se de uma oportunidade \u00fanica de adquirir um terreno bem localizado, em um bairro j\u00e1 consolidado e com alto potencial de valoriza\u00e7\u00e3o. A escassez de \u00e1reas centrais dispon\u00edveis \u00e9 um fator determinante para a valoriza\u00e7\u00e3o patrimonial\u201d, refor\u00e7a Vitor Paes Barreto.<\/p>\n<p><img loading=\"lazy\" decoding=\"async\" src=\"https:\/\/blogdoedvaldomagalhaes.com.br\/wp-content\/uploads\/2025\/11\/novo-jardim-boa-vista-imagem-4142261996650846626.jpg\" class=\"wp-image-124782 alignnone size-full\" width=\"1280\" height=\"720\" srcset=\"https:\/\/blogdoedvaldomagalhaes.com.br\/wp-content\/uploads\/2025\/11\/novo-jardim-boa-vista-imagem-4142261996650846626.jpg 1280w, https:\/\/blogdoedvaldomagalhaes.com.br\/wp-content\/uploads\/2025\/11\/novo-jardim-boa-vista-imagem-4142261996650846626-300x169.jpg 300w, https:\/\/blogdoedvaldomagalhaes.com.br\/wp-content\/uploads\/2025\/11\/novo-jardim-boa-vista-imagem-4142261996650846626-1024x576.jpg 1024w, https:\/\/blogdoedvaldomagalhaes.com.br\/wp-content\/uploads\/2025\/11\/novo-jardim-boa-vista-imagem-4142261996650846626-768x432.jpg 768w, https:\/\/blogdoedvaldomagalhaes.com.br\/wp-content\/uploads\/2025\/11\/novo-jardim-boa-vista-imagem-4142261996650846626-1140x641.jpg 1140w, https:\/\/blogdoedvaldomagalhaes.com.br\/wp-content\/uploads\/2025\/11\/novo-jardim-boa-vista-imagem-4142261996650846626-720x405.jpg 720w\" sizes=\"auto, (max-width: 1280px) 100vw, 1280px\" \/>O Novo Jardim Boa Vista combina a atmosfera tranquila de bairro residencial com a conveni\u00eancia de estar pr\u00f3ximo a escolas, com\u00e9rcio, servi\u00e7os essenciais e das principais vias de acesso. O empreendimento aposta na tend\u00eancia de desadensamento urbano, oferecendo um ambiente planejado, com arboriza\u00e7\u00e3o, espa\u00e7os de lazer e vizinhan\u00e7a familiar, mas sem abrir m\u00e3o da proximidade com o centro da cidade.<\/p>\n<p><img loading=\"lazy\" decoding=\"async\" src=\"https:\/\/blogdoedvaldomagalhaes.com.br\/wp-content\/uploads\/2025\/11\/novo-jardim-boa-vista-imagem-6447651448826691377.jpg\" class=\"wp-image-124784 alignnone size-full\" width=\"1280\" height=\"720\" srcset=\"https:\/\/blogdoedvaldomagalhaes.com.br\/wp-content\/uploads\/2025\/11\/novo-jardim-boa-vista-imagem-6447651448826691377.jpg 1280w, https:\/\/blogdoedvaldomagalhaes.com.br\/wp-content\/uploads\/2025\/11\/novo-jardim-boa-vista-imagem-6447651448826691377-300x169.jpg 300w, https:\/\/blogdoedvaldomagalhaes.com.br\/wp-content\/uploads\/2025\/11\/novo-jardim-boa-vista-imagem-6447651448826691377-1024x576.jpg 1024w, https:\/\/blogdoedvaldomagalhaes.com.br\/wp-content\/uploads\/2025\/11\/novo-jardim-boa-vista-imagem-6447651448826691377-768x432.jpg 768w, https:\/\/blogdoedvaldomagalhaes.com.br\/wp-content\/uploads\/2025\/11\/novo-jardim-boa-vista-imagem-6447651448826691377-1140x641.jpg 1140w, https:\/\/blogdoedvaldomagalhaes.com.br\/wp-content\/uploads\/2025\/11\/novo-jardim-boa-vista-imagem-6447651448826691377-720x405.jpg 720w\" sizes=\"auto, (max-width: 1280px) 100vw, 1280px\" \/>A infraestrutura tamb\u00e9m \u00e9 um diferencial: o loteamento ser\u00e1 entregue com drenagem, pavimenta\u00e7\u00e3o, rede de energia, ilumina\u00e7\u00e3o p\u00fablica em LED, rede de \u00e1gua, esgotamento sanit\u00e1rio p\u00fablico e pra\u00e7as urbanizadas.<\/p>\n<p><img loading=\"lazy\" decoding=\"async\" src=\"https:\/\/blogdoedvaldomagalhaes.com.br\/wp-content\/uploads\/2025\/11\/novo-jardim-boa-vista-imagem-56713621560263454481.jpg\" class=\"wp-image-124783 alignnone size-full\" width=\"1280\" height=\"720\" srcset=\"https:\/\/blogdoedvaldomagalhaes.com.br\/wp-content\/uploads\/2025\/11\/novo-jardim-boa-vista-imagem-56713621560263454481.jpg 1280w, https:\/\/blogdoedvaldomagalhaes.com.br\/wp-content\/uploads\/2025\/11\/novo-jardim-boa-vista-imagem-56713621560263454481-300x169.jpg 300w, https:\/\/blogdoedvaldomagalhaes.com.br\/wp-content\/uploads\/2025\/11\/novo-jardim-boa-vista-imagem-56713621560263454481-1024x576.jpg 1024w, https:\/\/blogdoedvaldomagalhaes.com.br\/wp-content\/uploads\/2025\/11\/novo-jardim-boa-vista-imagem-56713621560263454481-768x432.jpg 768w, https:\/\/blogdoedvaldomagalhaes.com.br\/wp-content\/uploads\/2025\/11\/novo-jardim-boa-vista-imagem-56713621560263454481-1140x641.jpg 1140w, https:\/\/blogdoedvaldomagalhaes.com.br\/wp-content\/uploads\/2025\/11\/novo-jardim-boa-vista-imagem-56713621560263454481-720x405.jpg 720w\" sizes=\"auto, (max-width: 1280px) 100vw, 1280px\" \/>Al\u00e9m de atender ao sonho da casa pr\u00f3pria, o projeto se posiciona como uma alternativa de investimento s\u00f3lida em um mercado que segue aquecido, como \u00e9 o de Caruaru. Nos \u00faltimos anos, o munic\u00edpio se consolidou como destino de incorporadoras e loteadoras interessadas em atender a uma demanda crescente da classe m\u00e9dia e dos investidores locais<br \/>\nCom pre\u00e7os competitivos e condi\u00e7\u00f5es facilitadas de parcelamento, o Novo Jardim Boa Vista deve atrair tanto fam\u00edlias em busca de moradia quanto investidores atentos ao potencial de valoriza\u00e7\u00e3o. Afinal, terreno \u00e9 patrim\u00f4nio escasso e duradouro e um legado para as pr\u00f3ximas gera\u00e7\u00f5es.<br \/>\nSeja seguidor do Instagram @portaledvaldomagalhaes<br \/>\nFotos: Divulga\u00e7\u00e3o<\/p>\n","protected":false},"excerpt":{"rendered":"<p>_O projeto contribuir\u00e1 com a urbaniza\u00e7\u00e3o e o fortalecimento do mercado imobili\u00e1rio local_ Caruaru, polo econ\u00f4mico do Agreste e uma&hellip;<\/p>\n","protected":false},"author":1,"featured_media":124778,"comment_status":"closed","ping_status":"open","sticky":false,"template":"","format":"standard","meta":{"footnotes":""},"categories":[14120],"tags":[13146,35299,35298,34634],"class_list":["post-124776","post","type-post","status-publish","format-standard","has-post-thumbnail","hentry","category-noticias","tag-blog-edvaldo-magalhaes","tag-condominio","tag-novo-jardim-boa-vista-traz-conceito-inovador-de-moradia-a-caruaru","tag-portal-edvaldo-magalhaes"],"_links":{"self":[{"href":"https:\/\/blogdoedvaldomagalhaes.com.br\/index.php\/wp-json\/wp\/v2\/posts\/124776","targetHints":{"allow":["GET"]}}],"collection":[{"href":"https:\/\/blogdoedvaldomagalhaes.com.br\/index.php\/wp-json\/wp\/v2\/posts"}],"about":[{"href":"https:\/\/blogdoedvaldomagalhaes.com.br\/index.php\/wp-json\/wp\/v2\/types\/post"}],"author":[{"embeddable":true,"href":"https:\/\/blogdoedvaldomagalhaes.com.br\/index.php\/wp-json\/wp\/v2\/users\/1"}],"replies":[{"embeddable":true,"href":"https:\/\/blogdoedvaldomagalhaes.com.br\/index.php\/wp-json\/wp\/v2\/comments?post=124776"}],"version-history":[{"count":2,"href":"https:\/\/blogdoedvaldomagalhaes.com.br\/index.php\/wp-json\/wp\/v2\/posts\/124776\/revisions"}],"predecessor-version":[{"id":124785,"href":"https:\/\/blogdoedvaldomagalhaes.com.br\/index.php\/wp-json\/wp\/v2\/posts\/124776\/revisions\/124785"}],"wp:featuredmedia":[{"embeddable":true,"href":"https:\/\/blogdoedvaldomagalhaes.com.br\/index.php\/wp-json\/wp\/v2\/media\/124778"}],"wp:attachment":[{"href":"https:\/\/blogdoedvaldomagalhaes.com.br\/index.php\/wp-json\/wp\/v2\/media?parent=124776"}],"wp:term":[{"taxonomy":"category","embeddable":true,"href":"https:\/\/blogdoedvaldomagalhaes.com.br\/index.php\/wp-json\/wp\/v2\/categories?post=124776"},{"taxonomy":"post_tag","embeddable":true,"href":"https:\/\/blogdoedvaldomagalhaes.com.br\/index.php\/wp-json\/wp\/v2\/tags?post=124776"}],"curies":[{"name":"wp","href":"https:\/\/api.w.org\/{rel}","templated":true}]}}