{"id":124773,"date":"2025-11-17T23:17:10","date_gmt":"2025-11-18T02:17:10","guid":{"rendered":"https:\/\/blogdoedvaldomagalhaes.com.br\/?p=124773"},"modified":"2025-11-17T23:17:10","modified_gmt":"2025-11-18T02:17:10","slug":"justica-reduz-em-28-anos-pena-de-medico-acusado-de-abusar-de-pacientes-em-caruaru","status":"publish","type":"post","link":"https:\/\/blogdoedvaldomagalhaes.com.br\/index.php\/2025\/11\/17\/justica-reduz-em-28-anos-pena-de-medico-acusado-de-abusar-de-pacientes-em-caruaru\/","title":{"rendered":"Justi\u00e7a reduz em 28 anos pena de m\u00e9dico acusado de abusar de pacientes em Caruaru"},"content":{"rendered":"<p>A 2\u00aa Turma da 1\u00aa C\u00e2mara Regional de Caruaru, do Tribunal de Justi\u00e7a de Pernambuco (TJPE), reduziu em 28 anos a pena de pris\u00e3o de um m\u00e9dico acusado\u00a0de abusar\u00a0de pacientes durante exames de ultrassonografia de natureza ginecol\u00f3gica e abdominal. O radiologista Filipe Toledo Flor\u00eancio havia recebido uma pena de 34 anos e 2 meses de reclus\u00e3o por viola\u00e7\u00e3o sexual mediante fraude, al\u00e9m da perda do exerc\u00edcio profissional pela 4\u00aa Vara Criminal da Comarca de Caruaru, mas teve a pena reajustada para seis meses e 22 dias de reclus\u00e3o e suspens\u00e3o tempor\u00e1ria do exerc\u00edcio da medicina.<\/p>\n<p>A den\u00fancia acusa o m\u00e9dico de praticar atos libidinosos contra dez pacientes na Cl\u00ednica Imagem Diagn\u00f3sticos\/Instituto Pernambucano (IP), em Caruaru, entre 2018 e 2021. Segundo o Minist\u00e9rio P\u00fablico (MPPE), o radiologista acariciou seios, n\u00e1degas e genit\u00e1lia das v\u00edtimas, aproveitando-se da sua posi\u00e7\u00e3o e sob o pretexto de procedimentos t\u00e9cnicos.<\/p>\n<p>O m\u00e9dico tamb\u00e9m foi condenado a pagar indeniza\u00e7\u00e3o de 50 mil reais por v\u00edtima. A penalidade foi mantida pelo Tribunal. O regime de cumprimento da pena, que inicialmente era fechado, tamb\u00e9m foi alterado para semiaberto.<br \/>\nSiga o Instagram @portaledvaldomagalhaes<br \/>\nFoto: Divulga\u00e7\u00e3o\/TJPE<\/p>\n","protected":false},"excerpt":{"rendered":"<p>A 2\u00aa Turma da 1\u00aa C\u00e2mara Regional de Caruaru, do Tribunal de Justi\u00e7a de Pernambuco (TJPE), reduziu em 28 anos&hellip;<\/p>\n","protected":false},"author":1,"featured_media":124774,"comment_status":"closed","ping_status":"open","sticky":false,"template":"","format":"standard","meta":{"footnotes":""},"categories":[14120],"tags":[13146,35297,34634],"class_list":["post-124773","post","type-post","status-publish","format-standard","has-post-thumbnail","hentry","category-noticias","tag-blog-edvaldo-magalhaes","tag-justica-reduz-em-28-anos-pena-de-medico-acusado-de-abusar-de-pacientes-em-caruaru","tag-portal-edvaldo-magalhaes"],"_links":{"self":[{"href":"https:\/\/blogdoedvaldomagalhaes.com.br\/index.php\/wp-json\/wp\/v2\/posts\/124773","targetHints":{"allow":["GET"]}}],"collection":[{"href":"https:\/\/blogdoedvaldomagalhaes.com.br\/index.php\/wp-json\/wp\/v2\/posts"}],"about":[{"href":"https:\/\/blogdoedvaldomagalhaes.com.br\/index.php\/wp-json\/wp\/v2\/types\/post"}],"author":[{"embeddable":true,"href":"https:\/\/blogdoedvaldomagalhaes.com.br\/index.php\/wp-json\/wp\/v2\/users\/1"}],"replies":[{"embeddable":true,"href":"https:\/\/blogdoedvaldomagalhaes.com.br\/index.php\/wp-json\/wp\/v2\/comments?post=124773"}],"version-history":[{"count":1,"href":"https:\/\/blogdoedvaldomagalhaes.com.br\/index.php\/wp-json\/wp\/v2\/posts\/124773\/revisions"}],"predecessor-version":[{"id":124775,"href":"https:\/\/blogdoedvaldomagalhaes.com.br\/index.php\/wp-json\/wp\/v2\/posts\/124773\/revisions\/124775"}],"wp:featuredmedia":[{"embeddable":true,"href":"https:\/\/blogdoedvaldomagalhaes.com.br\/index.php\/wp-json\/wp\/v2\/media\/124774"}],"wp:attachment":[{"href":"https:\/\/blogdoedvaldomagalhaes.com.br\/index.php\/wp-json\/wp\/v2\/media?parent=124773"}],"wp:term":[{"taxonomy":"category","embeddable":true,"href":"https:\/\/blogdoedvaldomagalhaes.com.br\/index.php\/wp-json\/wp\/v2\/categories?post=124773"},{"taxonomy":"post_tag","embeddable":true,"href":"https:\/\/blogdoedvaldomagalhaes.com.br\/index.php\/wp-json\/wp\/v2\/tags?post=124773"}],"curies":[{"name":"wp","href":"https:\/\/api.w.org\/{rel}","templated":true}]}}