{"id":124769,"date":"2025-11-17T20:16:27","date_gmt":"2025-11-17T23:16:27","guid":{"rendered":"https:\/\/blogdoedvaldomagalhaes.com.br\/?p=124769"},"modified":"2025-11-17T20:16:27","modified_gmt":"2025-11-17T23:16:27","slug":"sob-a-gestao-de-rodrigo-pinheiro-caruaru-conquista-1o-lugar-em-duas-categorias-no-idepe","status":"publish","type":"post","link":"https:\/\/blogdoedvaldomagalhaes.com.br\/index.php\/2025\/11\/17\/sob-a-gestao-de-rodrigo-pinheiro-caruaru-conquista-1o-lugar-em-duas-categorias-no-idepe\/","title":{"rendered":"Sob a gest\u00e3o de Rodrigo Pinheiro, Caruaru conquista 1\u00ba lugar em duas categorias no Idepe"},"content":{"rendered":"<p>_O prefeito da Capital do Agreste recebeu as premia\u00e7\u00f5es das m\u00e3os da governadora Raquel Lyra pelo melhor desempenho da hist\u00f3ria_<\/p>\n<p>Caruaru recebeu, nesta segunda-feira (17), a maior nota da sua hist\u00f3ria no \u00cdndice de Desenvolvimento da Educa\u00e7\u00e3o de Pernambuco (Idepe), garantindo o primeiro lugar entre os munic\u00edpios de grande porte tanto no desempenho quanto no crescimento do 9\u00ba ano do Ensino Fundamental. O munic\u00edpio tamb\u00e9m ficou em 2\u00ba lugar no crescimento do 5\u00ba ano do Ensino Fundamental, consolidando-se como refer\u00eancia no avan\u00e7o da aprendizagem.<\/p>\n<p>A premia\u00e7\u00e3o foi entregue durante a cerim\u00f4nia do Pr\u00eamio Idepe 2024, realizada no Recife Expo Center e comandada pela governadora Raquel Lyra. O evento reconhece munic\u00edpios, escolas e Ger\u00eancias Regionais de Educa\u00e7\u00e3o que se destacaram nos indicadores de aprendizagem e fluxo escolar avaliados no \u00faltimo ano.<\/p>\n<p>Recebendo o pr\u00eamio das m\u00e3os da governadora, o prefeito Rodrigo Pinheiro ressaltou a import\u00e2ncia do resultado. \u201cEste avan\u00e7o \u00e9 fruto de um trabalho cont\u00ednuo de toda a rede: professores comprometidos, gestores dedicados e fam\u00edlias que confiam na educa\u00e7\u00e3o. Caruaru mostra que est\u00e1 no caminho certo\u201d, afirmou. Ele destacou ainda que o marco hist\u00f3rico refor\u00e7a o compromisso da gest\u00e3o: \u201cSeguiremos investindo e trabalhando para que nossos estudantes tenham cada vez mais oportunidades.\u201d<\/p>\n<p>Com o desempenho no Idepe 2024, Caruaru reafirma seu protagonismo na educa\u00e7\u00e3o p\u00fablica de Pernambuco e evidencia o impacto de pol\u00edticas consistentes e de um planejamento voltado para fortalecer a aprendizagem em toda a rede municipal.<br \/>\nSiga o Instagram @portaledvaldomagalhaes<br \/>\nFoto: Divulga\u00e7\u00e3o <\/p>\n","protected":false},"excerpt":{"rendered":"<p>_O prefeito da Capital do Agreste recebeu as premia\u00e7\u00f5es das m\u00e3os da governadora Raquel Lyra pelo melhor desempenho da hist\u00f3ria_&hellip;<\/p>\n","protected":false},"author":1,"featured_media":124770,"comment_status":"closed","ping_status":"open","sticky":false,"template":"","format":"standard","meta":{"footnotes":""},"categories":[14122],"tags":[13146,35296,20,34634,35295],"class_list":["post-124769","post","type-post","status-publish","format-standard","has-post-thumbnail","hentry","category-politica","tag-blog-edvaldo-magalhaes","tag-caruaru-conquista-1o-lugar-em-duas-categorias-no-idepe","tag-politica","tag-portal-edvaldo-magalhaes","tag-sob-a-gestao-de-rodrigo-pinheiro"],"_links":{"self":[{"href":"https:\/\/blogdoedvaldomagalhaes.com.br\/index.php\/wp-json\/wp\/v2\/posts\/124769","targetHints":{"allow":["GET"]}}],"collection":[{"href":"https:\/\/blogdoedvaldomagalhaes.com.br\/index.php\/wp-json\/wp\/v2\/posts"}],"about":[{"href":"https:\/\/blogdoedvaldomagalhaes.com.br\/index.php\/wp-json\/wp\/v2\/types\/post"}],"author":[{"embeddable":true,"href":"https:\/\/blogdoedvaldomagalhaes.com.br\/index.php\/wp-json\/wp\/v2\/users\/1"}],"replies":[{"embeddable":true,"href":"https:\/\/blogdoedvaldomagalhaes.com.br\/index.php\/wp-json\/wp\/v2\/comments?post=124769"}],"version-history":[{"count":1,"href":"https:\/\/blogdoedvaldomagalhaes.com.br\/index.php\/wp-json\/wp\/v2\/posts\/124769\/revisions"}],"predecessor-version":[{"id":124771,"href":"https:\/\/blogdoedvaldomagalhaes.com.br\/index.php\/wp-json\/wp\/v2\/posts\/124769\/revisions\/124771"}],"wp:featuredmedia":[{"embeddable":true,"href":"https:\/\/blogdoedvaldomagalhaes.com.br\/index.php\/wp-json\/wp\/v2\/media\/124770"}],"wp:attachment":[{"href":"https:\/\/blogdoedvaldomagalhaes.com.br\/index.php\/wp-json\/wp\/v2\/media?parent=124769"}],"wp:term":[{"taxonomy":"category","embeddable":true,"href":"https:\/\/blogdoedvaldomagalhaes.com.br\/index.php\/wp-json\/wp\/v2\/categories?post=124769"},{"taxonomy":"post_tag","embeddable":true,"href":"https:\/\/blogdoedvaldomagalhaes.com.br\/index.php\/wp-json\/wp\/v2\/tags?post=124769"}],"curies":[{"name":"wp","href":"https:\/\/api.w.org\/{rel}","templated":true}]}}