{"id":124766,"date":"2025-11-17T19:03:56","date_gmt":"2025-11-17T22:03:56","guid":{"rendered":"https:\/\/blogdoedvaldomagalhaes.com.br\/?p=124766"},"modified":"2025-11-17T19:03:56","modified_gmt":"2025-11-17T22:03:56","slug":"caruaru-recebe-novas-doses-de-influenza-e-reforca-vacinacao-dos-grupos-prioritarios","status":"publish","type":"post","link":"https:\/\/blogdoedvaldomagalhaes.com.br\/index.php\/2025\/11\/17\/caruaru-recebe-novas-doses-de-influenza-e-reforca-vacinacao-dos-grupos-prioritarios\/","title":{"rendered":"Caruaru recebe novas doses de influenza e refor\u00e7a vacina\u00e7\u00e3o dos grupos priorit\u00e1rios"},"content":{"rendered":"<p>A Secretaria Municipal de Sa\u00fade de Caruaru recebeu, nesta segunda-feira (17.11), um novo lote de vacinas contra a influenza. Com a remessa, a Prefeitura de Caruaru refor\u00e7a a campanha de imuniza\u00e7\u00e3o e convoca todos os grupos priorit\u00e1rios a atualizarem a prote\u00e7\u00e3o contra a gripe. As doses estar\u00e3o dispon\u00edveis at\u00e9 dezembro de 2025 em todas as unidades b\u00e1sicas de sa\u00fade do munic\u00edpio.<\/p>\n<p>Entre os p\u00fablicos contemplados est\u00e3o:<\/p>\n<p>Crian\u00e7as de 6 meses a menores de 6 anos; gestantes; pu\u00e9rperas; idosos; trabalhadores da sa\u00fade; professores; for\u00e7as de seguran\u00e7a e salvamento; for\u00e7as armadas; pessoas com defici\u00eancia permanente; caminhoneiros; trabalhadores do transporte coletivo; adolescentes em medidas socioeducativas de 12 a 21 anos; popula\u00e7\u00e3o privada de liberdade; pessoas com comorbidades; moradores de rua e profissionais dos Correios.<\/p>\n<p>A vacina\u00e7\u00e3o est\u00e1 acontecendo de segunda- feira a sexta-feira nos seguintes hor\u00e1rios:<br \/>\nUBSs da zona urbana: das 8h \u00e0s 16; UBSs da zona rural: das 8h \u00e0s 15h. <\/p>\n<p>Para receber a dose, \u00e9 necess\u00e1rio apresentar o cart\u00e3o do SUS ou CPF, al\u00e9m do cart\u00e3o de vacina. Foto: Divulga\u00e7\u00e3o<br \/>\nSiga o Instagram @portaledvaldomagalhaes<\/p>\n","protected":false},"excerpt":{"rendered":"<p>A Secretaria Municipal de Sa\u00fade de Caruaru recebeu, nesta segunda-feira (17.11), um novo lote de vacinas contra a influenza. Com&hellip;<\/p>\n","protected":false},"author":1,"featured_media":124767,"comment_status":"closed","ping_status":"open","sticky":false,"template":"","format":"standard","meta":{"footnotes":""},"categories":[14120],"tags":[13146,35294,34634],"class_list":["post-124766","post","type-post","status-publish","format-standard","has-post-thumbnail","hentry","category-noticias","tag-blog-edvaldo-magalhaes","tag-caruaru-recebe-novas-doses-de-influenza-e-reforca-vacinacao-dos-grupos-prioritarios","tag-portal-edvaldo-magalhaes"],"_links":{"self":[{"href":"https:\/\/blogdoedvaldomagalhaes.com.br\/index.php\/wp-json\/wp\/v2\/posts\/124766","targetHints":{"allow":["GET"]}}],"collection":[{"href":"https:\/\/blogdoedvaldomagalhaes.com.br\/index.php\/wp-json\/wp\/v2\/posts"}],"about":[{"href":"https:\/\/blogdoedvaldomagalhaes.com.br\/index.php\/wp-json\/wp\/v2\/types\/post"}],"author":[{"embeddable":true,"href":"https:\/\/blogdoedvaldomagalhaes.com.br\/index.php\/wp-json\/wp\/v2\/users\/1"}],"replies":[{"embeddable":true,"href":"https:\/\/blogdoedvaldomagalhaes.com.br\/index.php\/wp-json\/wp\/v2\/comments?post=124766"}],"version-history":[{"count":1,"href":"https:\/\/blogdoedvaldomagalhaes.com.br\/index.php\/wp-json\/wp\/v2\/posts\/124766\/revisions"}],"predecessor-version":[{"id":124768,"href":"https:\/\/blogdoedvaldomagalhaes.com.br\/index.php\/wp-json\/wp\/v2\/posts\/124766\/revisions\/124768"}],"wp:featuredmedia":[{"embeddable":true,"href":"https:\/\/blogdoedvaldomagalhaes.com.br\/index.php\/wp-json\/wp\/v2\/media\/124767"}],"wp:attachment":[{"href":"https:\/\/blogdoedvaldomagalhaes.com.br\/index.php\/wp-json\/wp\/v2\/media?parent=124766"}],"wp:term":[{"taxonomy":"category","embeddable":true,"href":"https:\/\/blogdoedvaldomagalhaes.com.br\/index.php\/wp-json\/wp\/v2\/categories?post=124766"},{"taxonomy":"post_tag","embeddable":true,"href":"https:\/\/blogdoedvaldomagalhaes.com.br\/index.php\/wp-json\/wp\/v2\/tags?post=124766"}],"curies":[{"name":"wp","href":"https:\/\/api.w.org\/{rel}","templated":true}]}}