{"id":124763,"date":"2025-11-17T18:56:18","date_gmt":"2025-11-17T21:56:18","guid":{"rendered":"https:\/\/blogdoedvaldomagalhaes.com.br\/?p=124763"},"modified":"2025-11-17T18:56:18","modified_gmt":"2025-11-17T21:56:18","slug":"i-congresso-do-agreste-de-enfrentamento-a-violencia-de-genero-prorroga-inscricoes-e-anuncia-palestra-com-ex-ministra-das-mulheres","status":"publish","type":"post","link":"https:\/\/blogdoedvaldomagalhaes.com.br\/index.php\/2025\/11\/17\/i-congresso-do-agreste-de-enfrentamento-a-violencia-de-genero-prorroga-inscricoes-e-anuncia-palestra-com-ex-ministra-das-mulheres\/","title":{"rendered":"I Congresso do Agreste de Enfrentamento \u00e0 Viol\u00eancia de G\u00eanero prorroga inscri\u00e7\u00f5es e anuncia palestra com ex-Ministra das Mulheres"},"content":{"rendered":"<p>As inscri\u00e7\u00f5es de trabalhos para o I Congresso do Agreste de Enfrentamento \u00e0 Viol\u00eancia de G\u00eanero foram prorrogadas at\u00e9 a pr\u00f3xima quinta-feira (20). Com o tema \u201cCuidado, autonomia e justi\u00e7a social para as mulheres e meninas\u201d, o evento acontecer\u00e1 no dia 25 de novembro, no WA Convention, localizado no Caruaru Shopping. As submiss\u00f5es podem ser realizadas por meio da plataforma Even3: https:\/\/www.even3.com.br\/i-congresso-do-agreste-de-enfrentamento-a-violencia-de-genero-642641\/.<\/p>\n<p>A programa\u00e7\u00e3o do evento contar\u00e1 com palestra magna de Cida Gon\u00e7alves, ex-ministra das Mulheres, refer\u00eancia nacional na pauta de g\u00eanero e no enfrentamento \u00e0 viol\u00eancia contra mulheres. Especialista com mais de 40 anos de atua\u00e7\u00e3o na defesa dos direitos das mulheres, Cida foi protagonista em marcos legais como a Lei Maria da Penha, a Lei do Feminic\u00eddio e a Lei n\u00ba 1.085\/2023, que garante igualdade salarial entre homens e mulheres.<\/p>\n<p>As inscri\u00e7\u00f5es para o evento s\u00e3o gratuitas e as submiss\u00f5es de trabalho podem ser feitas nas modalidades Resumo, Resumo Expandido e Relato de Caso, a partir de tr\u00eas Grupos de Trabalhos (GTs): Pol\u00edticas de cuidado, autonomia econ\u00f4mica e justi\u00e7a social; Acesso \u00e0 justi\u00e7a e fortalecimento da rede de prote\u00e7\u00e3o; e Educa\u00e7\u00e3o, cultura e preven\u00e7\u00e3o da viol\u00eancia contra meninas e mulheres. Cada autora poder\u00e1 submeter at\u00e9 tr\u00eas trabalhos, individualmente ou em coautoria, seguindo os crit\u00e9rios t\u00e9cnicos e estruturais previstos no edital.<\/p>\n<p>O congresso \u00e9 uma realiza\u00e7\u00e3o da Prefeitura de Caruaru, por meio da Secretaria da Mulher, organizado pela C\u00e2mara T\u00e9cnica de Enfrentamento \u00e0 Viol\u00eancia de G\u00eanero e pelo Conselho Municipal da Mulher, em parceria com institui\u00e7\u00f5es p\u00fablicas, universidades e organiza\u00e7\u00f5es da sociedade civil que atuam na promo\u00e7\u00e3o da igualdade e no fortalecimento das pol\u00edticas para as mulheres.<\/p>\n<p>Cida Gon\u00e7alves<\/p>\n<p>Cida Gon\u00e7alves \u00e9 especialista em g\u00eanero e enfrentamento \u00e0 viol\u00eancia contra mulheres, com mais de quatro d\u00e9cadas dedicadas \u00e0 defesa dos direitos das mulheres. Natural de Clementina (SP), consolidou sua trajet\u00f3ria pol\u00edtica em Campo Grande (MS), onde coordenou o movimento popular de mulheres nas d\u00e9cadas de 1980 e 1990 e participou da articula\u00e7\u00e3o que resultou na cria\u00e7\u00e3o da Central de Movimentos Populares. No in\u00edcio dos anos 2000, atuou como assessora da Coordenadoria da Mulher na Secretaria de Assist\u00eancia Social, Cidadania e Trabalho do Mato Grosso do Sul.<\/p>\n<p>No Governo Federal, entre 2003 e 2016, foi Secret\u00e1ria Nacional de Enfrentamento \u00e0 Viol\u00eancia contra Mulheres, contribuindo diretamente para a elabora\u00e7\u00e3o da Lei Maria da Penha e da Lei do Feminic\u00eddio. De 2022 a 2025, exerceu o cargo de Ministra das Mulheres, per\u00edodo em que foi sancionada a Lei n\u00ba 14.685\/2023 (igualdade salarial entre mulheres e homens). Sua atua\u00e7\u00e3o \u00e9 reconhecida nacionalmente pela capacidade de articula\u00e7\u00e3o, formula\u00e7\u00e3o de pol\u00edticas p\u00fablicas e compromisso hist\u00f3rico com a autonomia, a prote\u00e7\u00e3o e a justi\u00e7a para mulheres e meninas em todo o pa\u00eds.<br \/>\nSiga o Instagram @portaledvaldomagalhaes<br \/>\nCard: Divulga\u00e7\u00e3o <\/p>\n","protected":false},"excerpt":{"rendered":"<p>As inscri\u00e7\u00f5es de trabalhos para o I Congresso do Agreste de Enfrentamento \u00e0 Viol\u00eancia de G\u00eanero foram prorrogadas at\u00e9 a&hellip;<\/p>\n","protected":false},"author":1,"featured_media":124764,"comment_status":"closed","ping_status":"open","sticky":false,"template":"","format":"standard","meta":{"footnotes":""},"categories":[14120],"tags":[13146,35293,34634],"class_list":["post-124763","post","type-post","status-publish","format-standard","has-post-thumbnail","hentry","category-noticias","tag-blog-edvaldo-magalhaes","tag-i-congresso-do-agreste-de-enfrentamento-a-violencia-de-genero-prorroga-inscricoes-e-anuncia-palestra-com-ex-ministra-das-mulheres","tag-portal-edvaldo-magalhaes"],"_links":{"self":[{"href":"https:\/\/blogdoedvaldomagalhaes.com.br\/index.php\/wp-json\/wp\/v2\/posts\/124763","targetHints":{"allow":["GET"]}}],"collection":[{"href":"https:\/\/blogdoedvaldomagalhaes.com.br\/index.php\/wp-json\/wp\/v2\/posts"}],"about":[{"href":"https:\/\/blogdoedvaldomagalhaes.com.br\/index.php\/wp-json\/wp\/v2\/types\/post"}],"author":[{"embeddable":true,"href":"https:\/\/blogdoedvaldomagalhaes.com.br\/index.php\/wp-json\/wp\/v2\/users\/1"}],"replies":[{"embeddable":true,"href":"https:\/\/blogdoedvaldomagalhaes.com.br\/index.php\/wp-json\/wp\/v2\/comments?post=124763"}],"version-history":[{"count":1,"href":"https:\/\/blogdoedvaldomagalhaes.com.br\/index.php\/wp-json\/wp\/v2\/posts\/124763\/revisions"}],"predecessor-version":[{"id":124765,"href":"https:\/\/blogdoedvaldomagalhaes.com.br\/index.php\/wp-json\/wp\/v2\/posts\/124763\/revisions\/124765"}],"wp:featuredmedia":[{"embeddable":true,"href":"https:\/\/blogdoedvaldomagalhaes.com.br\/index.php\/wp-json\/wp\/v2\/media\/124764"}],"wp:attachment":[{"href":"https:\/\/blogdoedvaldomagalhaes.com.br\/index.php\/wp-json\/wp\/v2\/media?parent=124763"}],"wp:term":[{"taxonomy":"category","embeddable":true,"href":"https:\/\/blogdoedvaldomagalhaes.com.br\/index.php\/wp-json\/wp\/v2\/categories?post=124763"},{"taxonomy":"post_tag","embeddable":true,"href":"https:\/\/blogdoedvaldomagalhaes.com.br\/index.php\/wp-json\/wp\/v2\/tags?post=124763"}],"curies":[{"name":"wp","href":"https:\/\/api.w.org\/{rel}","templated":true}]}}