{"id":124760,"date":"2025-11-17T17:49:45","date_gmt":"2025-11-17T20:49:45","guid":{"rendered":"https:\/\/blogdoedvaldomagalhaes.com.br\/?p=124760"},"modified":"2025-11-17T17:51:12","modified_gmt":"2025-11-17T20:51:12","slug":"sesc-celebra-os-patrimonios-vivos-de-caruaru-com-projeto-territorios-de-memoria-e-patrimonio","status":"publish","type":"post","link":"https:\/\/blogdoedvaldomagalhaes.com.br\/index.php\/2025\/11\/17\/sesc-celebra-os-patrimonios-vivos-de-caruaru-com-projeto-territorios-de-memoria-e-patrimonio\/","title":{"rendered":"Sesc celebra os patrim\u00f4nios vivos de Caruaru com Projeto \u201cTerrit\u00f3rios de Mem\u00f3ria e Patrim\u00f4nio\u201d"},"content":{"rendered":"<p>Caruaru, no Agreste pernambucano, \u00e9 uma cidade que se desenvolveu, ao longo dos anos, por meio do com\u00e9rcio, sendo uma das principais do Polo de Confec\u00e7\u00f5es do estado. Mas a cidade \u00e9 reconhecida, mundialmente, pela cultura do forr\u00f3 e, principalmente, pela arte do barro eternizada pelo Mestre Vitalino.<\/p>\n<p>Por ser um celeiro de artistas, nas mais diversas linguagens, possui vinte patrim\u00f4nios vivos reconhecidos pelo Governo de Pernambuco, atrav\u00e9s da Secretaria de Cultura e da Fundarpe. E algumas dessas celebridades ser\u00e3o protagonistas do projeto \u201cTerrit\u00f3rios de Mem\u00f3ria e Patrim\u00f4nio\u201d que o Sesc Caruaru realiza de 17 a 19 de novembro. As atividades ser\u00e3o desenvolvidas na unidade e em escolas p\u00fablicas.<\/p>\n<p>\u201cTeremos a presen\u00e7a de pessoas que, atrav\u00e9s de sua arte, fazem de Caruaru um polo cultural de grande relev\u00e2ncia n\u00e3o s\u00f3 para Pernambuco, mas para o Brasil tamb\u00e9m, seja na m\u00fasica, nas artes visuais, na literatura ou no teatro. E para que as novas gera\u00e7\u00f5es conhe\u00e7am suas hist\u00f3rias, vamos leva-los para interagir com alunos da rede p\u00fablica por meio das oficinas\u201d, explica Concei\u00e7\u00e3o de Paulo, gerente do Sesc Caruaru.<\/p>\n<p>Na segunda (17), as a\u00e7\u00f5es come\u00e7am \u00e0s 9h, com a Oficina de Manipula\u00e7\u00e3o de Mamulengos, que ser\u00e1 ministrada pelo Mestre Seba, na Escola Felisberto de Carvalho. Das 15h \u00e0s 17h, as atividades ser\u00e3o no Centro Educacional do Sesc. L\u00e1, acontecem as oficinas de Manipula\u00e7\u00e3o de Mamulengos, com o Mestre Seba, de Inicia\u00e7\u00e3o ao Pife, com Vav\u00e1 do Pife, e de Escultura em Barro, com a Mestra Terezinha Gonzaga. \u00c0s 16h, a Escola Felisberto de Carvalho recebe o sanfoneiro Gilvan Neves para uma apresenta\u00e7\u00e3o musical.<\/p>\n<p>Na ter\u00e7a (18), a programa\u00e7\u00e3o ser\u00e1 na Escola Estadual Santo Amaro. \u00c0s 9h, a Mestra Terezinha Gonzaga realiza a oficina de Escultura em Barro. J\u00e1 \u00e0s 15h, ser\u00e1 a vez da apresenta\u00e7\u00e3o do Coral Madrigal de Caruaru. Na quarta (19), na Escola Jos\u00e9 Carlos Flor\u00eancio, acontecem a oficina de Inicia\u00e7\u00e3o ao Pife, com Vav\u00e1 do Pife, \u00e0s 9h, e a apresenta\u00e7\u00e3o do cantor Walmir Silva, \u00e0s 16h.<\/p>\n<p>\u00c0s 19h, no Teatro Rui Limeira Rosal, com entrada gratuita, Arary Marrocos, diretora do TEA \u2013 Teatro Experimental do Agreste, o compositor Onildo Almeida e Roberto Gercino, mestre do Boi Tira teima, participam da palestra \u201cPatrim\u00f4nio Cultural, Material e Imaterial, que ser\u00e1 mediada por Cl\u00e1udia Pinto, diretora de Rela\u00e7\u00f5es Institucionais do Instituto Hist\u00f3rico de Caruaru.<\/p>\n<p>Ainda no dia 19, \u00e0s 20h, o Sesc realiza o Encontro de Corais, no Teatro Rui Limeira Rosal, logo ap\u00f3s a palestra com os patrim\u00f4nios vivos. A apresenta\u00e7\u00e3o ter\u00e1 os corais Madrigal de Caruaru, Canto Livre do Sesc, o da AABB (Associa\u00e7\u00e3o Atl\u00e9tica banco do Brasil) e o da Seduc (Secretaria de Educa\u00e7\u00e3o de Caruaru.<\/p>\n<p>Sesc \u2013 Fundado em 1947 em Pernambuco, o Servi\u00e7o Social do Com\u00e9rcio \u00e9 uma institui\u00e7\u00e3o privada mantida pelos empres\u00e1rios do com\u00e9rcio de bens, servi\u00e7os e turismo. Atuante na Regi\u00e3o Metropolitana do Recife, Zona da Mata Norte, Zona da Mata Sul, Agreste e Sert\u00e3o, por meio de 23 unidades fixas, incluindo os hot\u00e9is Guadalupe (Sirinha\u00e9m), Triunfo e Garanhuns, al\u00e9m do Espa\u00e7o Sesc no Shopping Boa Vista, no Recife, e o Centro Cultural Sesc Garanhuns. Oferece atividades gratuitas ou a pre\u00e7os populares nas \u00e1reas de Educa\u00e7\u00e3o, Cultura, Lazer, Assist\u00eancia e Sa\u00fade, inclusive para quem disp\u00f5e do Cart\u00e3o do Empres\u00e1rio da Fecom\u00e9rcio\/PE. No campo digital, a institui\u00e7\u00e3o oferece o aplicativo Sesc-PE, facilitando acesso \u00e0s atividades, renova\u00e7\u00e3o e habilita\u00e7\u00e3o da credencial entre outras funcionalidades, e disponibiliza a plataforma Sesc Digital (https:\/\/cursos.sescpe.com.br\/todos). Por ela, \u00e9 poss\u00edvel conhecer o cronograma de cursos e realizar a inscri\u00e7\u00e3o de forma online e segura. Para acompanhar todas as informa\u00e7\u00f5es sobre o Sesc, acesse www.sescpe.org.br.<\/p>\n<p>*Servi\u00e7o: Projeto Territ\u00f3rios de Mem\u00f3ria e Patrim\u00f4nio\u201d*<br \/>\nRealiza\u00e7\u00e3o: Sesc Caruaru<br \/>\nData: de 17 a 19 de novembro<br \/>\nEntrada gratuita<br \/>\nInforma\u00e7\u00f5es: (81) 3721-3967 (Whatsapp)<\/p>\n<p>_*Programa\u00e7\u00e3o*_<br \/>\n*Segunda (17)*<br \/>\n9h | Escola Felisberto de Carvalho<br \/>\nOficina de Manipula\u00e7\u00e3o de Mamulengos, com Mestre Seba<\/p>\n<p>15h | Centro Educacional do Sesc Caruaru<br \/>\nOficina de Manipula\u00e7\u00e3o de Mamulengos, com o Mestre Seba<br \/>\nOficina de Inicia\u00e7\u00e3o ao Pife, com Vav\u00e1 do Pife<br \/>\nOficina de Escultura em Barro, com a Mestra Terezinha Gonzaga<\/p>\n<p>16h | Escola Felisberto de Carvalho<br \/>\nApresenta\u00e7\u00e3o musical com o cantor Gilvan Neves<\/p>\n<p>*Ter\u00e7a (18)*<br \/>\n9h | Escola Estadual Santo Amaro<br \/>\nOficina de Escultura em Barro, com a Mestra Terezinha Gonzaga<\/p>\n<p>15h | Escola Jos\u00e9 Carlos Flor\u00eancio<br \/>\nApresenta\u00e7\u00e3o do Coral Madrigal de Caruaru<\/p>\n<p>*Quarta (19)*<br \/>\n9h | Escola Jos\u00e9 Carlos Flor\u00eancio<br \/>\nOficina de Inicia\u00e7\u00e3o ao Pife, com Vav\u00e1 do Pife<\/p>\n<p>16h | Escola Jos\u00e9 Carlos Flor\u00eancio<br \/>\nApresenta\u00e7\u00e3o musical com o cantor Walmir Silva<\/p>\n<p>19h | Teatro Rui Limeira Rosal (entrada gratuita)<br \/>\nPalestra \u201cPatrim\u00f4nio Cultural, Material e Imaterial\u201d com Arary Marrocos, Onildo Almeida e Roberto Gercino<br \/>\nMedia\u00e7\u00e3o de Cl\u00e1udia Pinto<\/p>\n<p>20h | Teatro Rui Limeira Rosal (entrada gratuita<br \/>\nEncontro de Corais<br \/>\nSiga o Instagram @portaledvaldomagalhaes<br \/>\nFoto: Marcos Nascimento<\/p>\n","protected":false},"excerpt":{"rendered":"<p>Caruaru, no Agreste pernambucano, \u00e9 uma cidade que se desenvolveu, ao longo dos anos, por meio do com\u00e9rcio, sendo uma&hellip;<\/p>\n","protected":false},"author":1,"featured_media":124761,"comment_status":"closed","ping_status":"open","sticky":false,"template":"","format":"standard","meta":{"footnotes":""},"categories":[14120],"tags":[13146,34634,35292],"class_list":["post-124760","post","type-post","status-publish","format-standard","has-post-thumbnail","hentry","category-noticias","tag-blog-edvaldo-magalhaes","tag-portal-edvaldo-magalhaes","tag-sesc-celebra-os-patrimonios-vivos-de-caruaru-com-projeto-territorios-de-memoria-e-patrimonio"],"_links":{"self":[{"href":"https:\/\/blogdoedvaldomagalhaes.com.br\/index.php\/wp-json\/wp\/v2\/posts\/124760","targetHints":{"allow":["GET"]}}],"collection":[{"href":"https:\/\/blogdoedvaldomagalhaes.com.br\/index.php\/wp-json\/wp\/v2\/posts"}],"about":[{"href":"https:\/\/blogdoedvaldomagalhaes.com.br\/index.php\/wp-json\/wp\/v2\/types\/post"}],"author":[{"embeddable":true,"href":"https:\/\/blogdoedvaldomagalhaes.com.br\/index.php\/wp-json\/wp\/v2\/users\/1"}],"replies":[{"embeddable":true,"href":"https:\/\/blogdoedvaldomagalhaes.com.br\/index.php\/wp-json\/wp\/v2\/comments?post=124760"}],"version-history":[{"count":1,"href":"https:\/\/blogdoedvaldomagalhaes.com.br\/index.php\/wp-json\/wp\/v2\/posts\/124760\/revisions"}],"predecessor-version":[{"id":124762,"href":"https:\/\/blogdoedvaldomagalhaes.com.br\/index.php\/wp-json\/wp\/v2\/posts\/124760\/revisions\/124762"}],"wp:featuredmedia":[{"embeddable":true,"href":"https:\/\/blogdoedvaldomagalhaes.com.br\/index.php\/wp-json\/wp\/v2\/media\/124761"}],"wp:attachment":[{"href":"https:\/\/blogdoedvaldomagalhaes.com.br\/index.php\/wp-json\/wp\/v2\/media?parent=124760"}],"wp:term":[{"taxonomy":"category","embeddable":true,"href":"https:\/\/blogdoedvaldomagalhaes.com.br\/index.php\/wp-json\/wp\/v2\/categories?post=124760"},{"taxonomy":"post_tag","embeddable":true,"href":"https:\/\/blogdoedvaldomagalhaes.com.br\/index.php\/wp-json\/wp\/v2\/tags?post=124760"}],"curies":[{"name":"wp","href":"https:\/\/api.w.org\/{rel}","templated":true}]}}