{"id":124758,"date":"2025-11-17T14:08:58","date_gmt":"2025-11-17T17:08:58","guid":{"rendered":"https:\/\/blogdoedvaldomagalhaes.com.br\/?p=124758"},"modified":"2025-11-17T14:08:58","modified_gmt":"2025-11-17T17:08:58","slug":"uninassau-caruaru-realiza-a-iv-semana-de-biomedicina-com-programacao-gratuita-a-partir-desta-segunda-17","status":"publish","type":"post","link":"https:\/\/blogdoedvaldomagalhaes.com.br\/index.php\/2025\/11\/17\/uninassau-caruaru-realiza-a-iv-semana-de-biomedicina-com-programacao-gratuita-a-partir-desta-segunda-17\/","title":{"rendered":"UNINASSAU Caruaru realiza a IV Semana de Biomedicina com programa\u00e7\u00e3o gratuita, a partir desta segunda (17)"},"content":{"rendered":"<p>Com uma vasta programa\u00e7\u00e3o, a IV Semana de Biomedicina da UNINASSAU Caruaru tem in\u00edcio na pr\u00f3xima segunda-feira (17) e se estende at\u00e9 o dia 29 de novembro. A abertura conta com apresenta\u00e7\u00e3o cultural, palestra e homenagens aos profissionais da \u00e1rea e alunos. O Dr. Jo\u00e3o Pedro Sobral Neto, biom\u00e9dico, mestre em Sa\u00fade P\u00fablica e Doutorando pela Fiocruz, aborda o tema \u201cA import\u00e2ncia da Biomedicina no contexto da sa\u00fade brasileira\u201d.<\/p>\n<p>Na ter\u00e7a-feira (18), no per\u00edodo da noite, os temas apresentados nas palestras s\u00e3o: \u201cT\u00e9cnicas b\u00e1sicas de laborat\u00f3rio\u201d, \u201cHematologia pr\u00e1tica \u2013 l\u00e2minas e diagn\u00f3sticos diferenciais\u201d, \u201cToxina Botul\u00ednica: conceitos b\u00e1sicos para aplica\u00e7\u00e3o\u201d, \u201cExtra\u00e7\u00e3o e purifica\u00e7\u00e3o de prote\u00ednas\u201d e \u201cImunologia Cl\u00ednica\u201d. Al\u00e9m disso, a programa\u00e7\u00e3o no decorrer do evento conta com apresenta\u00e7\u00f5es de trabalhos cient\u00edficos e uma a\u00e7\u00e3o social na comunidade do Boi Tira Teima, no Bairro das Rendeiras. Ela acontece no dia 29 de novembro, \u00e0s 8h.<\/p>\n<p>O coordenador do curso de Biomedicina da UNINASSAU Caruaru, Efrain Naftali, ressalta a import\u00e2ncia do evento. \u201cNosso objetivo \u00e9 apresentar o mercado de trabalho e as diversas \u00e1reas de atua\u00e7\u00e3o, indo al\u00e9m da teoria em sala de aula. \u00c9 uma oportunidade \u00edmpar para troca de conhecimentos, contato com profissionais renomados e incentivo \u00e0 pesquisa cient\u00edfica, preparando nossos futuros biom\u00e9dicos para os desafios e as inova\u00e7\u00f5es do campo da sa\u00fade\u201d, refor\u00e7a.<\/p>\n<p>As atividades s\u00e3o voltadas para alunos da gradua\u00e7\u00e3o de Biomedicina de qualquer institui\u00e7\u00e3o e profissionais da \u00e1rea. Os interessados precisar efetuar as inscri\u00e7\u00f5es por meio do n\u00famero (81) 9.9718-2265. Em seguida, recebem um link para preenchimento. Os participantes tamb\u00e9m podem doar 1kg de alimento n\u00e3o perec\u00edvel, que ser\u00e1 entregue posteriormente para uma institui\u00e7\u00e3o social. A programa\u00e7\u00e3o ocorre na UNINASSAU, localizada no entroncamento das BR\u2019s 104 e 232, km 68 \u2013 n\u00ba 1215.<br \/>\nSiga o Instagram @portaledvaldomagalhaes<br \/>\nFoto: Divulga\u00e7\u00e3o <\/p>\n","protected":false},"excerpt":{"rendered":"<p>Com uma vasta programa\u00e7\u00e3o, a IV Semana de Biomedicina da UNINASSAU Caruaru tem in\u00edcio na pr\u00f3xima segunda-feira (17) e se&hellip;<\/p>\n","protected":false},"author":1,"featured_media":73798,"comment_status":"closed","ping_status":"open","sticky":false,"template":"","format":"standard","meta":{"footnotes":""},"categories":[14120],"tags":[13146,34634,35291],"class_list":["post-124758","post","type-post","status-publish","format-standard","has-post-thumbnail","hentry","category-noticias","tag-blog-edvaldo-magalhaes","tag-portal-edvaldo-magalhaes","tag-uninassau-caruaru-realiza-a-iv-semana-de-biomedicina-com-programacao-gratuita"],"_links":{"self":[{"href":"https:\/\/blogdoedvaldomagalhaes.com.br\/index.php\/wp-json\/wp\/v2\/posts\/124758","targetHints":{"allow":["GET"]}}],"collection":[{"href":"https:\/\/blogdoedvaldomagalhaes.com.br\/index.php\/wp-json\/wp\/v2\/posts"}],"about":[{"href":"https:\/\/blogdoedvaldomagalhaes.com.br\/index.php\/wp-json\/wp\/v2\/types\/post"}],"author":[{"embeddable":true,"href":"https:\/\/blogdoedvaldomagalhaes.com.br\/index.php\/wp-json\/wp\/v2\/users\/1"}],"replies":[{"embeddable":true,"href":"https:\/\/blogdoedvaldomagalhaes.com.br\/index.php\/wp-json\/wp\/v2\/comments?post=124758"}],"version-history":[{"count":1,"href":"https:\/\/blogdoedvaldomagalhaes.com.br\/index.php\/wp-json\/wp\/v2\/posts\/124758\/revisions"}],"predecessor-version":[{"id":124759,"href":"https:\/\/blogdoedvaldomagalhaes.com.br\/index.php\/wp-json\/wp\/v2\/posts\/124758\/revisions\/124759"}],"wp:featuredmedia":[{"embeddable":true,"href":"https:\/\/blogdoedvaldomagalhaes.com.br\/index.php\/wp-json\/wp\/v2\/media\/73798"}],"wp:attachment":[{"href":"https:\/\/blogdoedvaldomagalhaes.com.br\/index.php\/wp-json\/wp\/v2\/media?parent=124758"}],"wp:term":[{"taxonomy":"category","embeddable":true,"href":"https:\/\/blogdoedvaldomagalhaes.com.br\/index.php\/wp-json\/wp\/v2\/categories?post=124758"},{"taxonomy":"post_tag","embeddable":true,"href":"https:\/\/blogdoedvaldomagalhaes.com.br\/index.php\/wp-json\/wp\/v2\/tags?post=124758"}],"curies":[{"name":"wp","href":"https:\/\/api.w.org\/{rel}","templated":true}]}}