{"id":124751,"date":"2025-11-17T12:33:06","date_gmt":"2025-11-17T15:33:06","guid":{"rendered":"https:\/\/blogdoedvaldomagalhaes.com.br\/?p=124751"},"modified":"2025-11-17T12:33:06","modified_gmt":"2025-11-17T15:33:06","slug":"vereador-junior-letal-participa-de-reuniao-produtiva-na-secretaria-de-desenvolvimento-economico","status":"publish","type":"post","link":"https:\/\/blogdoedvaldomagalhaes.com.br\/index.php\/2025\/11\/17\/vereador-junior-letal-participa-de-reuniao-produtiva-na-secretaria-de-desenvolvimento-economico\/","title":{"rendered":"Vereador J\u00fanior Letal participa de reuni\u00e3o produtiva na Secretaria de Desenvolvimento Econ\u00f4mico"},"content":{"rendered":"<p>O vereador J\u00fanior Letal esteve, na manh\u00e3 desta segunda-feira (17.11), na Secretaria de Desenvolvimento Econ\u00f4mico de Caruaru, em uma reuni\u00e3o com o secret\u00e1rio Jaime Anselmo, para tratar de importantes demandas voltadas ao fortalecimento do empreendedorismo e ao crescimento econ\u00f4mico do nosso munic\u00edpio.<\/p>\n<p>A visita contou tamb\u00e9m com a presen\u00e7a de um empreendedor caruaruense, que saiu extremamente satisfeito com o di\u00e1logo franco e com as perspectivas apresentadas pela pasta. Durante a conversa, foram discutidas a\u00e7\u00f5es para estimular novos investimentos, gerar oportunidades e impulsionar ainda mais o desenvolvimento de Caruaru.<\/p>\n<p>J\u00fanior Letal destacou a import\u00e2ncia da parceria entre o Poder P\u00fablico e o setor produtivo:<br \/>\n\u201cQuando o empreendedor \u00e9 acolhido e tem suas demandas ouvidas, quem ganha \u00e9 toda a cidade. Sa\u00edmos muito confiantes com o compromisso do secret\u00e1rio Jaime Anselmo e com a certeza de que Caruaru est\u00e1 no caminho certo.\u201d<\/p>\n<p>A reuni\u00e3o foi considerada muito produtiva, trazendo boas expectativas para iniciativas que ir\u00e3o beneficiar a popula\u00e7\u00e3o, gerar emprego e fortalecer o ambiente econ\u00f4mico de Caruaru. O vereador reafirmou que seguir\u00e1 firme na defesa de projetos que contribuam para o crescimento sustent\u00e1vel e para o futuro da cidade. Foto: Divulga\u00e7\u00e3o<br \/>\nSiga o Instagram @portaledvaldomagalhaes<\/p>\n","protected":false},"excerpt":{"rendered":"<p>O vereador J\u00fanior Letal esteve, na manh\u00e3 desta segunda-feira (17.11), na Secretaria de Desenvolvimento Econ\u00f4mico de Caruaru, em uma reuni\u00e3o&hellip;<\/p>\n","protected":false},"author":1,"featured_media":124752,"comment_status":"closed","ping_status":"open","sticky":false,"template":"","format":"standard","meta":{"footnotes":""},"categories":[14122],"tags":[13146,34634,35290],"class_list":["post-124751","post","type-post","status-publish","format-standard","has-post-thumbnail","hentry","category-politica","tag-blog-edvaldo-magalhaes","tag-portal-edvaldo-magalhaes","tag-vereador-junior-letal-participa-de-reuniao-produtiva-na-secretaria-de-desenvolvimento-economico"],"_links":{"self":[{"href":"https:\/\/blogdoedvaldomagalhaes.com.br\/index.php\/wp-json\/wp\/v2\/posts\/124751","targetHints":{"allow":["GET"]}}],"collection":[{"href":"https:\/\/blogdoedvaldomagalhaes.com.br\/index.php\/wp-json\/wp\/v2\/posts"}],"about":[{"href":"https:\/\/blogdoedvaldomagalhaes.com.br\/index.php\/wp-json\/wp\/v2\/types\/post"}],"author":[{"embeddable":true,"href":"https:\/\/blogdoedvaldomagalhaes.com.br\/index.php\/wp-json\/wp\/v2\/users\/1"}],"replies":[{"embeddable":true,"href":"https:\/\/blogdoedvaldomagalhaes.com.br\/index.php\/wp-json\/wp\/v2\/comments?post=124751"}],"version-history":[{"count":1,"href":"https:\/\/blogdoedvaldomagalhaes.com.br\/index.php\/wp-json\/wp\/v2\/posts\/124751\/revisions"}],"predecessor-version":[{"id":124753,"href":"https:\/\/blogdoedvaldomagalhaes.com.br\/index.php\/wp-json\/wp\/v2\/posts\/124751\/revisions\/124753"}],"wp:featuredmedia":[{"embeddable":true,"href":"https:\/\/blogdoedvaldomagalhaes.com.br\/index.php\/wp-json\/wp\/v2\/media\/124752"}],"wp:attachment":[{"href":"https:\/\/blogdoedvaldomagalhaes.com.br\/index.php\/wp-json\/wp\/v2\/media?parent=124751"}],"wp:term":[{"taxonomy":"category","embeddable":true,"href":"https:\/\/blogdoedvaldomagalhaes.com.br\/index.php\/wp-json\/wp\/v2\/categories?post=124751"},{"taxonomy":"post_tag","embeddable":true,"href":"https:\/\/blogdoedvaldomagalhaes.com.br\/index.php\/wp-json\/wp\/v2\/tags?post=124751"}],"curies":[{"name":"wp","href":"https:\/\/api.w.org\/{rel}","templated":true}]}}