{"id":124748,"date":"2025-11-16T15:04:18","date_gmt":"2025-11-16T18:04:18","guid":{"rendered":"https:\/\/blogdoedvaldomagalhaes.com.br\/?p=124748"},"modified":"2025-11-16T15:04:18","modified_gmt":"2025-11-16T18:04:18","slug":"prf-resgata-mais-de-900-animais-silvestres-que-seriam-revendidos-em-caruaru","status":"publish","type":"post","link":"https:\/\/blogdoedvaldomagalhaes.com.br\/index.php\/2025\/11\/16\/prf-resgata-mais-de-900-animais-silvestres-que-seriam-revendidos-em-caruaru\/","title":{"rendered":"PRF resgata mais de 900 animais silvestres que seriam revendidos em Caruaru"},"content":{"rendered":"<p>Um homem, de 28 anos, que transportava 885 p\u00e1ssaros silvestres e 18 jabutis foi flagrado, na madrugada deste s\u00e1bado (15.11), pela Pol\u00edcia Rodovi\u00e1ria Federal (PRF), na BR 423, em Garanhuns, no Agreste de Pernambuco. Os animais eram transportados em gaiolas e caixas apertadas, no porta-malas e nos bancos de um carro popular. Devido \u00e0s condi\u00e7\u00f5es em que eram transportadas, algumas aves morreram com a viagem.<\/p>\n<p>Policiais do Grupo de Patrulhamento T\u00e1tico da PRF realizavam uma fiscaliza\u00e7\u00e3o na rodovia, quando abordaram um carro ocupado apenas pelo motorista. Ao verificar o interior do ve\u00edculo, foram encontrados p\u00e1ssaros de diversas esp\u00e9cies, sendo 400 galos de campina, 290 papa-capins, 58 tico-ticos, 49 azul\u00f5es, dentre outras. Os jabutis eram transportados amontoados em caixas de papel\u00e3o.<\/p>\n<p>O motorista disse que havia adquirido os animais na cidade de Ouro Branco, em Alagoas, para revender em Caruaru\/PE, a mais de 200 Km de dist\u00e2ncia uma da outra. Ele j\u00e1 havia sido detido outras vezes pela PRF cometendo o mesmo crime.<\/p>\n<p>O homem foi autuado pelos crimes ambientais e poder\u00e1 responder criminalmente pela pr\u00e1tica. Os animais foram encaminhados ao Instituto Brasileiro do Meio Ambiente e dos  Recursos Naturais Renov\u00e1veis (IBAMA) e \u00e0 Ag\u00eancia Estadual do Meio Ambiente (CPRH), onde ser\u00e3o cuidados para retornar ao habitat natural. Foto: Divulga\u00e7\u00e3o\/PRF<br \/>\nSeja seguidor do Instagram @portaledvaldomagalhaes<\/p>\n","protected":false},"excerpt":{"rendered":"<p>Um homem, de 28 anos, que transportava 885 p\u00e1ssaros silvestres e 18 jabutis foi flagrado, na madrugada deste s\u00e1bado (15.11),&hellip;<\/p>\n","protected":false},"author":1,"featured_media":124749,"comment_status":"closed","ping_status":"open","sticky":false,"template":"","format":"standard","meta":{"footnotes":""},"categories":[14121],"tags":[13146,34634,35289],"class_list":["post-124748","post","type-post","status-publish","format-standard","has-post-thumbnail","hentry","category-policial","tag-blog-edvaldo-magalhaes","tag-portal-edvaldo-magalhaes","tag-prf-resgata-mais-de-900-animais-silvestres-que-seriam-revendidos-em-caruaru"],"_links":{"self":[{"href":"https:\/\/blogdoedvaldomagalhaes.com.br\/index.php\/wp-json\/wp\/v2\/posts\/124748","targetHints":{"allow":["GET"]}}],"collection":[{"href":"https:\/\/blogdoedvaldomagalhaes.com.br\/index.php\/wp-json\/wp\/v2\/posts"}],"about":[{"href":"https:\/\/blogdoedvaldomagalhaes.com.br\/index.php\/wp-json\/wp\/v2\/types\/post"}],"author":[{"embeddable":true,"href":"https:\/\/blogdoedvaldomagalhaes.com.br\/index.php\/wp-json\/wp\/v2\/users\/1"}],"replies":[{"embeddable":true,"href":"https:\/\/blogdoedvaldomagalhaes.com.br\/index.php\/wp-json\/wp\/v2\/comments?post=124748"}],"version-history":[{"count":1,"href":"https:\/\/blogdoedvaldomagalhaes.com.br\/index.php\/wp-json\/wp\/v2\/posts\/124748\/revisions"}],"predecessor-version":[{"id":124750,"href":"https:\/\/blogdoedvaldomagalhaes.com.br\/index.php\/wp-json\/wp\/v2\/posts\/124748\/revisions\/124750"}],"wp:featuredmedia":[{"embeddable":true,"href":"https:\/\/blogdoedvaldomagalhaes.com.br\/index.php\/wp-json\/wp\/v2\/media\/124749"}],"wp:attachment":[{"href":"https:\/\/blogdoedvaldomagalhaes.com.br\/index.php\/wp-json\/wp\/v2\/media?parent=124748"}],"wp:term":[{"taxonomy":"category","embeddable":true,"href":"https:\/\/blogdoedvaldomagalhaes.com.br\/index.php\/wp-json\/wp\/v2\/categories?post=124748"},{"taxonomy":"post_tag","embeddable":true,"href":"https:\/\/blogdoedvaldomagalhaes.com.br\/index.php\/wp-json\/wp\/v2\/tags?post=124748"}],"curies":[{"name":"wp","href":"https:\/\/api.w.org\/{rel}","templated":true}]}}