{"id":124745,"date":"2025-11-16T14:51:23","date_gmt":"2025-11-16T17:51:23","guid":{"rendered":"https:\/\/blogdoedvaldomagalhaes.com.br\/?p=124745"},"modified":"2025-11-16T14:51:23","modified_gmt":"2025-11-16T17:51:23","slug":"caruaruense-antonio-neto-e-finalista-do-maior-festival-de-musica-catolica-do-brasil","status":"publish","type":"post","link":"https:\/\/blogdoedvaldomagalhaes.com.br\/index.php\/2025\/11\/16\/caruaruense-antonio-neto-e-finalista-do-maior-festival-de-musica-catolica-do-brasil\/","title":{"rendered":"Caruaruense Ant\u00f4nio Neto \u00e9 finalista do maior festival de m\u00fasica cat\u00f3lica do Brasil"},"content":{"rendered":"<p>_Final do \u201cVem Festival\u201d conta com voto popular e ser\u00e1 transmitida ao vivo neste domingo (16)._<\/p>\n<p>Acontece neste domingo (16), a partir das 19h, a final do \u201cVem Festival\u201d, considerado o maior festival de m\u00fasica cat\u00f3lica do Brasil. Entre os finalistas est\u00e1 o cantor cat\u00f3lico Ant\u00f4nio Neto, de 27 anos, de Caruaru, que vai \u00e0 final contando com ajuda do voto popular com a can\u00e7\u00e3o \u201cEu, Pedro\u201d. <\/p>\n<p>A composi\u00e7\u00e3o \u00e9 do m\u00fasico, compositor e produtor \u00c9der Silva, tamb\u00e9m de Caruaru. \u201cEssa m\u00fasica tem o poder de tocar as pessoas. \u00c9 sobre lembrar da Palavra que fala sobre cansar de jogar a rede e n\u00e3o conseguir pescar nada mas Jesus chega e nos diz pra jogar mais uma vez e a gente consegue de fato colher as gra\u00e7as Dele\u201d, afirmou Neto.<\/p>\n<p>Para votar, basta acessar o site vemfestival.com.br , selecionar a foto de Ant\u00f4nio Neto e confirmar o voto. \u00c9 poss\u00edvel votar quantas vezes quiser. A final come\u00e7a \u00e0s 19h, na TV Evangelizar e no YouTube da emissora. Foto: Divulga\u00e7\u00e3o<br \/>\nSiga o Instagram @portaledvaldomagalhaes<\/p>\n","protected":false},"excerpt":{"rendered":"<p>_Final do \u201cVem Festival\u201d conta com voto popular e ser\u00e1 transmitida ao vivo neste domingo (16)._ Acontece neste domingo (16),&hellip;<\/p>\n","protected":false},"author":1,"featured_media":124746,"comment_status":"closed","ping_status":"open","sticky":false,"template":"","format":"standard","meta":{"footnotes":""},"categories":[14120],"tags":[13146,35288,34634],"class_list":["post-124745","post","type-post","status-publish","format-standard","has-post-thumbnail","hentry","category-noticias","tag-blog-edvaldo-magalhaes","tag-caruaruense-antonio-neto-e-finalista-do-maior-festival-de-musica-catolica-do-brasil","tag-portal-edvaldo-magalhaes"],"_links":{"self":[{"href":"https:\/\/blogdoedvaldomagalhaes.com.br\/index.php\/wp-json\/wp\/v2\/posts\/124745","targetHints":{"allow":["GET"]}}],"collection":[{"href":"https:\/\/blogdoedvaldomagalhaes.com.br\/index.php\/wp-json\/wp\/v2\/posts"}],"about":[{"href":"https:\/\/blogdoedvaldomagalhaes.com.br\/index.php\/wp-json\/wp\/v2\/types\/post"}],"author":[{"embeddable":true,"href":"https:\/\/blogdoedvaldomagalhaes.com.br\/index.php\/wp-json\/wp\/v2\/users\/1"}],"replies":[{"embeddable":true,"href":"https:\/\/blogdoedvaldomagalhaes.com.br\/index.php\/wp-json\/wp\/v2\/comments?post=124745"}],"version-history":[{"count":1,"href":"https:\/\/blogdoedvaldomagalhaes.com.br\/index.php\/wp-json\/wp\/v2\/posts\/124745\/revisions"}],"predecessor-version":[{"id":124747,"href":"https:\/\/blogdoedvaldomagalhaes.com.br\/index.php\/wp-json\/wp\/v2\/posts\/124745\/revisions\/124747"}],"wp:featuredmedia":[{"embeddable":true,"href":"https:\/\/blogdoedvaldomagalhaes.com.br\/index.php\/wp-json\/wp\/v2\/media\/124746"}],"wp:attachment":[{"href":"https:\/\/blogdoedvaldomagalhaes.com.br\/index.php\/wp-json\/wp\/v2\/media?parent=124745"}],"wp:term":[{"taxonomy":"category","embeddable":true,"href":"https:\/\/blogdoedvaldomagalhaes.com.br\/index.php\/wp-json\/wp\/v2\/categories?post=124745"},{"taxonomy":"post_tag","embeddable":true,"href":"https:\/\/blogdoedvaldomagalhaes.com.br\/index.php\/wp-json\/wp\/v2\/tags?post=124745"}],"curies":[{"name":"wp","href":"https:\/\/api.w.org\/{rel}","templated":true}]}}