{"id":124737,"date":"2025-11-14T19:45:05","date_gmt":"2025-11-14T22:45:05","guid":{"rendered":"https:\/\/blogdoedvaldomagalhaes.com.br\/?p=124737"},"modified":"2025-11-14T19:45:05","modified_gmt":"2025-11-14T22:45:05","slug":"trechos-de-avenidas-e-ruas-em-caruaru-serao-interditados-por-causa-de-corrida-de-rua","status":"publish","type":"post","link":"https:\/\/blogdoedvaldomagalhaes.com.br\/index.php\/2025\/11\/14\/trechos-de-avenidas-e-ruas-em-caruaru-serao-interditados-por-causa-de-corrida-de-rua\/","title":{"rendered":"Trechos de avenidas e ruas em Caruaru ser\u00e3o interditados por causa de corrida de rua"},"content":{"rendered":"<p>A Autarquia de Mobilidade de Caruaru (AMC), informa que, neste domingo (16.11), a partir das 5h, alguns trechos das Avenidas Agamenon Magalh\u00e3es e Rio Branco e ruas no entorno da Esta\u00e7\u00e3o Ferrovi\u00e1ria ser\u00e3o interditados temporariamente por causa da realiza\u00e7\u00e3o de uma corrida de rua. <\/p>\n<p>Durante o evento, as linhas de \u00f4nibus com sentido ao bairro Maur\u00edcio de Nassau devem seguir por trechos (veja no mapa) das ruas Duque de Caxias, Porto Alegre, Felipe Camar\u00e3o, Floriano Peixoto e Avenida Rui Barbosa para continuar no fluxo normal da rota. J\u00e1 as linhas com sentido ao bairro do Salgado devem acessar a Rua dos Expedicion\u00e1rios e Rua Mestre Pedro. <\/p>\n<p>A AMC orienta que os condutores redobrem a aten\u00e7\u00e3o e, logo ap\u00f3s o t\u00e9rmino do evento, o fluxo vi\u00e1rio dever\u00e1 retornar ao normal. Mapa: Divulga\u00e7\u00e3o\/AMC<br \/>\nSiga o Instagram @portaledvaldomagalhaes<\/p>\n","protected":false},"excerpt":{"rendered":"<p>A Autarquia de Mobilidade de Caruaru (AMC), informa que, neste domingo (16.11), a partir das 5h, alguns trechos das Avenidas&hellip;<\/p>\n","protected":false},"author":1,"featured_media":124738,"comment_status":"closed","ping_status":"open","sticky":false,"template":"","format":"standard","meta":{"footnotes":""},"categories":[14120],"tags":[13146,34634,35286],"class_list":["post-124737","post","type-post","status-publish","format-standard","has-post-thumbnail","hentry","category-noticias","tag-blog-edvaldo-magalhaes","tag-portal-edvaldo-magalhaes","tag-trechos-de-avenidas-e-ruas-em-caruaru-serao-interditados-por-causa-de-corrida-de-rua"],"_links":{"self":[{"href":"https:\/\/blogdoedvaldomagalhaes.com.br\/index.php\/wp-json\/wp\/v2\/posts\/124737","targetHints":{"allow":["GET"]}}],"collection":[{"href":"https:\/\/blogdoedvaldomagalhaes.com.br\/index.php\/wp-json\/wp\/v2\/posts"}],"about":[{"href":"https:\/\/blogdoedvaldomagalhaes.com.br\/index.php\/wp-json\/wp\/v2\/types\/post"}],"author":[{"embeddable":true,"href":"https:\/\/blogdoedvaldomagalhaes.com.br\/index.php\/wp-json\/wp\/v2\/users\/1"}],"replies":[{"embeddable":true,"href":"https:\/\/blogdoedvaldomagalhaes.com.br\/index.php\/wp-json\/wp\/v2\/comments?post=124737"}],"version-history":[{"count":1,"href":"https:\/\/blogdoedvaldomagalhaes.com.br\/index.php\/wp-json\/wp\/v2\/posts\/124737\/revisions"}],"predecessor-version":[{"id":124739,"href":"https:\/\/blogdoedvaldomagalhaes.com.br\/index.php\/wp-json\/wp\/v2\/posts\/124737\/revisions\/124739"}],"wp:featuredmedia":[{"embeddable":true,"href":"https:\/\/blogdoedvaldomagalhaes.com.br\/index.php\/wp-json\/wp\/v2\/media\/124738"}],"wp:attachment":[{"href":"https:\/\/blogdoedvaldomagalhaes.com.br\/index.php\/wp-json\/wp\/v2\/media?parent=124737"}],"wp:term":[{"taxonomy":"category","embeddable":true,"href":"https:\/\/blogdoedvaldomagalhaes.com.br\/index.php\/wp-json\/wp\/v2\/categories?post=124737"},{"taxonomy":"post_tag","embeddable":true,"href":"https:\/\/blogdoedvaldomagalhaes.com.br\/index.php\/wp-json\/wp\/v2\/tags?post=124737"}],"curies":[{"name":"wp","href":"https:\/\/api.w.org\/{rel}","templated":true}]}}