{"id":124731,"date":"2025-11-14T18:35:58","date_gmt":"2025-11-14T21:35:58","guid":{"rendered":"https:\/\/blogdoedvaldomagalhaes.com.br\/?p=124731"},"modified":"2025-11-14T18:35:58","modified_gmt":"2025-11-14T21:35:58","slug":"amc-promove-mais-uma-capacitacao-para-os-novos-agentes-de-transito","status":"publish","type":"post","link":"https:\/\/blogdoedvaldomagalhaes.com.br\/index.php\/2025\/11\/14\/amc-promove-mais-uma-capacitacao-para-os-novos-agentes-de-transito\/","title":{"rendered":"AMC promove mais uma capacita\u00e7\u00e3o para os novos Agentes de Tr\u00e2nsito"},"content":{"rendered":"<p>A Autarquia de Mobilidade (AMC), promoveu mais uma importante capacita\u00e7\u00e3o para os novos Agentes de Tr\u00e2nsito. Os 39 servidores conclu\u00edram o curso de Direitos Humanos Aplicados ao Tr\u00e2nsito, realizado durante a semana na Escola de Governo, totalizando 24 horas de curso. <\/p>\n<p>Nas palestras e debates, foram discutidas pautas referentes a sexualidade, ra\u00e7a, g\u00eanero, comportamentos sociais e as formas corretas de abordagem e reconhecimento de g\u00eanero e nome social. O curso tamb\u00e9m contou com orienta\u00e7\u00f5es de como abordar um condutor com transtorno do espectro autista (TEA).<\/p>\n<p>&#8220;Durante o curso, aprendemos diversos conceitos, que v\u00e3o desde o tratado universal dos direitos humanos e a Constitui\u00e7\u00e3o Federal at\u00e9 exemplos reais sobre a import\u00e2ncia de tratar com respeito e garantir a igualdade para diferentes tipos de p\u00fablico, como, por exemplo, pessoas com o transtorno do espectro autista. Portanto, foi um curso que refor\u00e7ou a relev\u00e2ncia do papel que o agente de tr\u00e2nsito desempenha na sociedade&#8221;, destacou o agente Martins.<br \/>\nSiga o Instagram @portaledvaldomagalhaes<br \/>\nFoto: Elvis Edson\/Secom\/PMC<\/p>\n","protected":false},"excerpt":{"rendered":"<p>A Autarquia de Mobilidade (AMC), promoveu mais uma importante capacita\u00e7\u00e3o para os novos Agentes de Tr\u00e2nsito. Os 39 servidores conclu\u00edram&hellip;<\/p>\n","protected":false},"author":1,"featured_media":124732,"comment_status":"closed","ping_status":"open","sticky":false,"template":"","format":"standard","meta":{"footnotes":""},"categories":[14120],"tags":[35285,13146,34634],"class_list":["post-124731","post","type-post","status-publish","format-standard","has-post-thumbnail","hentry","category-noticias","tag-amc-promove-mais-uma-capacitacao-para-os-novos-agentes-de-transito","tag-blog-edvaldo-magalhaes","tag-portal-edvaldo-magalhaes"],"_links":{"self":[{"href":"https:\/\/blogdoedvaldomagalhaes.com.br\/index.php\/wp-json\/wp\/v2\/posts\/124731","targetHints":{"allow":["GET"]}}],"collection":[{"href":"https:\/\/blogdoedvaldomagalhaes.com.br\/index.php\/wp-json\/wp\/v2\/posts"}],"about":[{"href":"https:\/\/blogdoedvaldomagalhaes.com.br\/index.php\/wp-json\/wp\/v2\/types\/post"}],"author":[{"embeddable":true,"href":"https:\/\/blogdoedvaldomagalhaes.com.br\/index.php\/wp-json\/wp\/v2\/users\/1"}],"replies":[{"embeddable":true,"href":"https:\/\/blogdoedvaldomagalhaes.com.br\/index.php\/wp-json\/wp\/v2\/comments?post=124731"}],"version-history":[{"count":1,"href":"https:\/\/blogdoedvaldomagalhaes.com.br\/index.php\/wp-json\/wp\/v2\/posts\/124731\/revisions"}],"predecessor-version":[{"id":124733,"href":"https:\/\/blogdoedvaldomagalhaes.com.br\/index.php\/wp-json\/wp\/v2\/posts\/124731\/revisions\/124733"}],"wp:featuredmedia":[{"embeddable":true,"href":"https:\/\/blogdoedvaldomagalhaes.com.br\/index.php\/wp-json\/wp\/v2\/media\/124732"}],"wp:attachment":[{"href":"https:\/\/blogdoedvaldomagalhaes.com.br\/index.php\/wp-json\/wp\/v2\/media?parent=124731"}],"wp:term":[{"taxonomy":"category","embeddable":true,"href":"https:\/\/blogdoedvaldomagalhaes.com.br\/index.php\/wp-json\/wp\/v2\/categories?post=124731"},{"taxonomy":"post_tag","embeddable":true,"href":"https:\/\/blogdoedvaldomagalhaes.com.br\/index.php\/wp-json\/wp\/v2\/tags?post=124731"}],"curies":[{"name":"wp","href":"https:\/\/api.w.org\/{rel}","templated":true}]}}