{"id":124728,"date":"2025-11-14T15:55:33","date_gmt":"2025-11-14T18:55:33","guid":{"rendered":"https:\/\/blogdoedvaldomagalhaes.com.br\/?p=124728"},"modified":"2025-11-14T15:55:33","modified_gmt":"2025-11-14T18:55:33","slug":"prefeitura-de-caruaru-reune-representantes-de-entidades-do-comercio-para-apresentar-melhorias-no-transito","status":"publish","type":"post","link":"https:\/\/blogdoedvaldomagalhaes.com.br\/index.php\/2025\/11\/14\/prefeitura-de-caruaru-reune-representantes-de-entidades-do-comercio-para-apresentar-melhorias-no-transito\/","title":{"rendered":"Prefeitura de Caruaru re\u00fane representantes de entidades do com\u00e9rcio para apresentar melhorias no tr\u00e2nsito"},"content":{"rendered":"<p>Nessa quinta-feira (13.11), na sala de monitoramento, a Prefeitura de Caruaru se reuniu com representantes de entidades do com\u00e9rcio para apresentar a\u00e7\u00f5es de melhoria no tr\u00e2nsito do munic\u00edpio. O di\u00e1logo foi conduzido pelo secret\u00e1rio de Articula\u00e7\u00e3o Pol\u00edtica, Anderson Luiz; o secret\u00e1rio de Desenvolvimento Econ\u00f4mico, Turismo, Tecnologia e Economia Criativa, Jaime Anselmo e o presidente da Autarquia de Mobilidade de Caruaru, Coronel Edson N\u00f3brega. <\/p>\n<p>Na reuni\u00e3o, foram apresentadas diversas a\u00e7\u00f5es importantes visando a seguran\u00e7a vi\u00e1ria e mobilidade urbana em Caruaru. Em 2025, foram implementadas no munic\u00edpio 20 lombadas, 14 faixas elevadas para travessia de pedestres, 1561 placas de sinaliza\u00e7\u00e3o e 349 faixas de pedestres. <\/p>\n<p>Outro tema relevante foram as vagas de estacionamento rotativo, que, atualmente, totalizam 1300 vagas e mais 120 em implanta\u00e7\u00e3o. No centro da cidade, a\u00e7\u00f5es de conscientiza\u00e7\u00e3o para condutores e pedestres est\u00e3o sendo intensificadas, devido ao aumento no fluxo vi\u00e1rio no per\u00edodo de fim de ano. <\/p>\n<p>O momento teve a importante participa\u00e7\u00e3o dos representantes de entidades do com\u00e9rcio. Estiveram na reuni\u00e3o o presidente do Sindloja, Augusto Costa; o presidente da Associa\u00e7\u00e3o dos Sulanqueiros de Caruaru, Pedro Moura; o diretor da Acic, Marcilio Sales; e o 3\u00b0 vice-presidente da CDL, Almir Leite.<\/p>\n<p>Anderson Luiz enfatizou a import\u00e2ncia da reuni\u00e3o: \u201cO fim de ano \u00e9 um per\u00edodo de muito movimento em Caruaru e, por isso, \u00e9 essencial manter o di\u00e1logo aberto com quem faz o com\u00e9rcio acontecer. A gest\u00e3o do prefeito Rodrigo Pinheiro est\u00e1 sempre disposta a ouvir e buscar solu\u00e7\u00f5es conjuntas para melhorar as condi\u00e7\u00f5es e a mobilidade em toda a cidade&#8221;, pontuou o Secret\u00e1rio de Articula\u00e7\u00e3o Pol\u00edtica de Caruaru.<\/p>\n<p>&#8220;\u00c9 importante demais a gente conversar com os \u00f3rg\u00e3os da Prefeitura. A gente sabe que o tr\u00e2nsito \u00e9 uma quest\u00e3o muito s\u00e9ria e muito sens\u00edvel das cidades. L\u00f3gico, temos t\u00e9cnicos na AMC, eles sabem como fazer essa gest\u00e3o do tr\u00e2nsito, da mobilidade, mas as entidades tamb\u00e9m precisam ser ouvidas para a gente entender que o com\u00e9rcio \u00e9 importante, as pessoas precisam chegar at\u00e9 os centros comerciais para poder comprar. A gente agradece muito \u00e0 gest\u00e3o municipal de Caruaru por abrir esse espa\u00e7o para a gente dar as ideias e sugest\u00f5es de melhoria tanto para as empresas quanto para a popula\u00e7\u00e3o de Caruaru&#8221;, enfatizou o presidente do Sindloja, Augusto Costa.<br \/>\nFotos: Elvis Edson\/ Secom PMC<br \/>\nFoto geral: Divulga\u00e7\u00e3o\/Secom PMC<\/p>\n","protected":false},"excerpt":{"rendered":"<p>Nessa quinta-feira (13.11), na sala de monitoramento, a Prefeitura de Caruaru se reuniu com representantes de entidades do com\u00e9rcio para&hellip;<\/p>\n","protected":false},"author":1,"featured_media":124729,"comment_status":"closed","ping_status":"open","sticky":false,"template":"","format":"standard","meta":{"footnotes":""},"categories":[14120],"tags":[13146,34634,35284],"class_list":["post-124728","post","type-post","status-publish","format-standard","has-post-thumbnail","hentry","category-noticias","tag-blog-edvaldo-magalhaes","tag-portal-edvaldo-magalhaes","tag-prefeitura-de-caruaru-reune-representantes-de-entidades-do-comercio-para-apresentar-melhorias-no-transito"],"_links":{"self":[{"href":"https:\/\/blogdoedvaldomagalhaes.com.br\/index.php\/wp-json\/wp\/v2\/posts\/124728","targetHints":{"allow":["GET"]}}],"collection":[{"href":"https:\/\/blogdoedvaldomagalhaes.com.br\/index.php\/wp-json\/wp\/v2\/posts"}],"about":[{"href":"https:\/\/blogdoedvaldomagalhaes.com.br\/index.php\/wp-json\/wp\/v2\/types\/post"}],"author":[{"embeddable":true,"href":"https:\/\/blogdoedvaldomagalhaes.com.br\/index.php\/wp-json\/wp\/v2\/users\/1"}],"replies":[{"embeddable":true,"href":"https:\/\/blogdoedvaldomagalhaes.com.br\/index.php\/wp-json\/wp\/v2\/comments?post=124728"}],"version-history":[{"count":1,"href":"https:\/\/blogdoedvaldomagalhaes.com.br\/index.php\/wp-json\/wp\/v2\/posts\/124728\/revisions"}],"predecessor-version":[{"id":124730,"href":"https:\/\/blogdoedvaldomagalhaes.com.br\/index.php\/wp-json\/wp\/v2\/posts\/124728\/revisions\/124730"}],"wp:featuredmedia":[{"embeddable":true,"href":"https:\/\/blogdoedvaldomagalhaes.com.br\/index.php\/wp-json\/wp\/v2\/media\/124729"}],"wp:attachment":[{"href":"https:\/\/blogdoedvaldomagalhaes.com.br\/index.php\/wp-json\/wp\/v2\/media?parent=124728"}],"wp:term":[{"taxonomy":"category","embeddable":true,"href":"https:\/\/blogdoedvaldomagalhaes.com.br\/index.php\/wp-json\/wp\/v2\/categories?post=124728"},{"taxonomy":"post_tag","embeddable":true,"href":"https:\/\/blogdoedvaldomagalhaes.com.br\/index.php\/wp-json\/wp\/v2\/tags?post=124728"}],"curies":[{"name":"wp","href":"https:\/\/api.w.org\/{rel}","templated":true}]}}