{"id":124725,"date":"2025-11-14T15:31:37","date_gmt":"2025-11-14T18:31:37","guid":{"rendered":"https:\/\/blogdoedvaldomagalhaes.com.br\/?p=124725"},"modified":"2025-11-14T15:31:37","modified_gmt":"2025-11-14T18:31:37","slug":"comerciantes-da-feira-do-paraguai-no-parque-18-de-maio-sao-orientados-a-terem-extintores-de-incendio","status":"publish","type":"post","link":"https:\/\/blogdoedvaldomagalhaes.com.br\/index.php\/2025\/11\/14\/comerciantes-da-feira-do-paraguai-no-parque-18-de-maio-sao-orientados-a-terem-extintores-de-incendio\/","title":{"rendered":"Comerciantes da &#8216;Feira do Paraguai&#8217; no Parque 18 de Maio s\u00e3o orientados a terem extintores de inc\u00eandio"},"content":{"rendered":"<p>A Secretaria Executiva do Parque 18 de Maio informa que, em cumprimento \u00e0s recomenda\u00e7\u00f5es do Minist\u00e9rio P\u00fablico de Pernambuco (procedimento n\u00ba 01848.000.046\/2024), os feirantes da Feira do Paraguai foram orientados a terem um extintor de inc\u00eandio, medida que refor\u00e7a a seguran\u00e7a no local. O Corpo de Bombeiros Militar de Pernambuco tamb\u00e9m ser\u00e1 acionado para realizar as orienta\u00e7\u00f5es necess\u00e1rias aos feirantes. Por se tratar de uma recomenda\u00e7\u00e3o, \u00e9 importante ressaltar que n\u00e3o haver\u00e1 cobran\u00e7a de nenhuma taxa extra aos feirantes.<br \/>\nSiga o Instagram @portaledvaldomagalhaes<br \/>\nFoto: Reprodu\u00e7\u00e3o <\/p>\n","protected":false},"excerpt":{"rendered":"<p>A Secretaria Executiva do Parque 18 de Maio informa que, em cumprimento \u00e0s recomenda\u00e7\u00f5es do Minist\u00e9rio P\u00fablico de Pernambuco (procedimento&hellip;<\/p>\n","protected":false},"author":1,"featured_media":124726,"comment_status":"closed","ping_status":"open","sticky":false,"template":"","format":"standard","meta":{"footnotes":""},"categories":[14120],"tags":[13146,3406,35283,34634],"class_list":["post-124725","post","type-post","status-publish","format-standard","has-post-thumbnail","hentry","category-noticias","tag-blog-edvaldo-magalhaes","tag-caruaru","tag-comerciantes-da-feira-do-paraguai-no-parque-18-de-maio-sao-orientados-a-terem-extintores-de-incendio","tag-portal-edvaldo-magalhaes"],"_links":{"self":[{"href":"https:\/\/blogdoedvaldomagalhaes.com.br\/index.php\/wp-json\/wp\/v2\/posts\/124725","targetHints":{"allow":["GET"]}}],"collection":[{"href":"https:\/\/blogdoedvaldomagalhaes.com.br\/index.php\/wp-json\/wp\/v2\/posts"}],"about":[{"href":"https:\/\/blogdoedvaldomagalhaes.com.br\/index.php\/wp-json\/wp\/v2\/types\/post"}],"author":[{"embeddable":true,"href":"https:\/\/blogdoedvaldomagalhaes.com.br\/index.php\/wp-json\/wp\/v2\/users\/1"}],"replies":[{"embeddable":true,"href":"https:\/\/blogdoedvaldomagalhaes.com.br\/index.php\/wp-json\/wp\/v2\/comments?post=124725"}],"version-history":[{"count":1,"href":"https:\/\/blogdoedvaldomagalhaes.com.br\/index.php\/wp-json\/wp\/v2\/posts\/124725\/revisions"}],"predecessor-version":[{"id":124727,"href":"https:\/\/blogdoedvaldomagalhaes.com.br\/index.php\/wp-json\/wp\/v2\/posts\/124725\/revisions\/124727"}],"wp:featuredmedia":[{"embeddable":true,"href":"https:\/\/blogdoedvaldomagalhaes.com.br\/index.php\/wp-json\/wp\/v2\/media\/124726"}],"wp:attachment":[{"href":"https:\/\/blogdoedvaldomagalhaes.com.br\/index.php\/wp-json\/wp\/v2\/media?parent=124725"}],"wp:term":[{"taxonomy":"category","embeddable":true,"href":"https:\/\/blogdoedvaldomagalhaes.com.br\/index.php\/wp-json\/wp\/v2\/categories?post=124725"},{"taxonomy":"post_tag","embeddable":true,"href":"https:\/\/blogdoedvaldomagalhaes.com.br\/index.php\/wp-json\/wp\/v2\/tags?post=124725"}],"curies":[{"name":"wp","href":"https:\/\/api.w.org\/{rel}","templated":true}]}}