{"id":124722,"date":"2025-11-13T22:13:36","date_gmt":"2025-11-14T01:13:36","guid":{"rendered":"https:\/\/blogdoedvaldomagalhaes.com.br\/?p=124722"},"modified":"2025-11-13T22:13:36","modified_gmt":"2025-11-14T01:13:36","slug":"em-agenda-com-movimentos-sociais-governadora-raquel-lyra-assina-contratos-para-construcao-de-quatro-habitacionais-para-492-familias","status":"publish","type":"post","link":"https:\/\/blogdoedvaldomagalhaes.com.br\/index.php\/2025\/11\/13\/em-agenda-com-movimentos-sociais-governadora-raquel-lyra-assina-contratos-para-construcao-de-quatro-habitacionais-para-492-familias\/","title":{"rendered":"Em agenda com movimentos sociais, governadora Raquel Lyra assina contratos para constru\u00e7\u00e3o de quatro habitacionais para 492 fam\u00edlias"},"content":{"rendered":"<p><span style=\"font-size: revert;\">\u201c\u00c9 muito emocionante, d\u00e1 at\u00e9 vontade de chorar, porque tudo que eu quero \u00e9 uma casa para mim e para o meu filho. Isso \u00e9 a realiza\u00e7\u00e3o de um sonho.\u201d Essas foram as palavras de Suzy Carla, m\u00e3e e moradora do bairro de \u00c1gua Fria, na Zona Norte do Recife, que ser\u00e1 uma das beneficiadas de novas moradias populares anunciadas pelo Governo de Pernambuco. Nesta quinta-feira (13), no Centro do Recife, a governadora Raquel Lyra assinou, junto a movimentos sociais de luta por moradia, o contrato que d\u00e1 in\u00edcio \u00e0 constru\u00e7\u00e3o de 492 novas habita\u00e7\u00f5es populares. As unidades fazem parte de um conjunto de quatro novos habitacionais, sendo tr\u00eas no Recife e um em Santa Cruz do Capibaribe, no Agreste, que beneficiar\u00e3o fam\u00edlias de baixa renda e s\u00e3o fruto da parceria entre o Governo de Pernambuco, por meio do Programa Morar Bem, e o Governo Federal, dentro do Programa Minha Casa, Minha Vida Entidades. Ao todo, ser\u00e3o investidos R$ 91,5 milh\u00f5es, com aporte federal e contrapartidas estaduais.<\/span><\/p>\n<p>\u201cPernambuco, pela primeira vez na hist\u00f3ria, tem uma pol\u00edtica de habita\u00e7\u00e3o de verdade, uma pol\u00edtica que coloca recursos, energia e apoio t\u00e9cnico. Hoje estamos assinando, junto com a Caixa Econ\u00f4mica Federal e movimentos de luta pela moradia, o contrato para a constru\u00e7\u00e3o de 492 casas populares no Recife e em Santa Cruz do Capibaribe. Essas casas v\u00e3o para pessoas que lutam h\u00e1 muitos anos para serem enxergadas. Isso \u00e9 fruto de uma parceria entre o Governo de Pernambuco e o Governo Federal. Os investimentos refor\u00e7am o nosso compromisso em reduzir o d\u00e9ficit habitacional, promovendo mais qualidade de vida e inclus\u00e3o social\u201d, destacou a governadora Raquel Lyra.<\/p>\n<p>Os quatro novos habitacionais populares ser\u00e3o: Residencial Presente de Deus, em \u00c1gua Fria, na Zona Norte do Recife, com 62 apartamentos; Habitacional Adelmo Ara\u00fajo, em Peixinhos, no Recife, com 192 apartamentos; Residencial Onildo Rom\u00e3o, no bairro de Santo Amaro, na \u00e1rea central do Recife, com 94 apartamentos; e o Conjunto Habitacional F\u00e1bio Arag\u00e3o, em Santa Cruz do Capibaribe, no Agreste pernambucano, com 144 apartamentos.<\/p>\n<p>O prazo para a conclus\u00e3o dos quatro habitacionais \u00e9 de um ano e meio, e a execu\u00e7\u00e3o estar\u00e1 a cargo da Construtora Viver Bem Empreendimentos VI SPE LTDA. A constru\u00e7\u00e3o atende \u00e0 linha de produ\u00e7\u00e3o habitacional subsidiada da modalidade Fundo de Desenvolvimento Social (FDS). Presente na cerim\u00f4nia, a vice-governadora Priscila Krause ressaltou a import\u00e2ncia das novas moradias para o povo pernambucano. \u201cA gente fala com 320 mil fam\u00edlias que comp\u00f5em o d\u00e9ficit habitacional de Pernambuco. E a gente diz a todas elas: voc\u00eas n\u00e3o est\u00e3o s\u00f3s. Temos um Governo determinado e que vai para as ruas fazer transforma\u00e7\u00e3o junto com voc\u00eas\u201d, disse.<\/p>\n<p>\u201cConcretizamos um momento de muito trabalho que vem sendo feito pelo Governo de Pernambuco junto aos movimentos de luta por moradia. Assinamos quatro Minha Casa, Minha Vida FDS, nos quais o Estado doou o terreno e, al\u00e9m disso, entra tamb\u00e9m com a contrapartida. S\u00e3o moradias destinadas a movimentos de luta, para pessoas em situa\u00e7\u00e3o de alt\u00edssima vulnerabilidade, que n\u00e3o podem pagar uma parcela\u201d, explicou a secret\u00e1ria de Desenvolvimento Urbano e Habita\u00e7\u00e3o, Simone Nunes.<\/p>\n<p>O financiamento das novas moradias \u00e9 realizado pela Caixa Econ\u00f4mica Federal, e a Associa\u00e7\u00e3o de Apoio aos Sem Teto da Regi\u00e3o Nordeste (AAST) atua como entidade proponente. \u201cEssa parceria tem sido um grande sucesso em Pernambuco, unindo esfor\u00e7os entre o Governo do Estado, a Caixa Econ\u00f4mica Federal e o Governo Federal, por meio do Minist\u00e9rio das Cidades. \u00c9 uma parceria s\u00f3lida, que garante transpar\u00eancia e efici\u00eancia\u201d, afirmou o superintendente da Caixa Econ\u00f4mica Federal em Pernambuco, Marcelo Maia.<\/p>\n<p>A coordenadora nacional da Associa\u00e7\u00e3o de Apoio \u00e0s Fam\u00edlias Sem Teto (AAST), L\u00eddia Brunes, ressaltou os investimentos e a parceria com o Governo de Pernambuco. \u201cAl\u00e9m de trazer o Programa Morar Bem, hoje eu tenho o meu teto, o meu lar. \u00c9 a realiza\u00e7\u00e3o de um sonho. Hoje, no Governo de Pernambuco, a gente constr\u00f3i e entrega junto&#8221;, disse. Presente na agenda, o deputado estadual Jo\u00e3o Paulo destacou a import\u00e2ncia dos an\u00fancios realizados pelo Governo de Pernambuco. \u201cA grande obra \u00e9 cuidar das pessoas. Todos esses an\u00fancios demonstram a grande parceria entre o Governo de Pernambuco e o Governo Federal\u201d, disse.<\/p>\n<p>VISITA M\u2014 Durante a agenda, a governadora Raquel Lyra visitou a ocupa\u00e7\u00e3o Maria Firmina dos Reis, localizada na Rua do Hosp\u00edcio, no bairro da Boa Vista. O pr\u00e9dio, que tinha riscos de desabamento, recebeu uma interven\u00e7\u00e3o emergencial realizada pela Secretaria de Desenvolvimento Urbano e Habita\u00e7\u00e3o. A partir de agora, ser\u00e1 apresentado ao Minha Casa, Minha Vida FDS como um projeto de retrofit geral. Foto<span style=\"font-size: revert;\">: Hes\u00edodo G\u00f3es\/Secom.<br \/>\nSiga o Instagram @portaledvaldomagalhaes<\/span><\/p>\n","protected":false},"excerpt":{"rendered":"<p>\u201c\u00c9 muito emocionante, d\u00e1 at\u00e9 vontade de chorar, porque tudo que eu quero \u00e9 uma casa para mim e para&hellip;<\/p>\n","protected":false},"author":1,"featured_media":124723,"comment_status":"closed","ping_status":"open","sticky":false,"template":"","format":"standard","meta":{"footnotes":""},"categories":[14122],"tags":[13146,28127,20,34634],"class_list":["post-124722","post","type-post","status-publish","format-standard","has-post-thumbnail","hentry","category-politica","tag-blog-edvaldo-magalhaes","tag-governadora-raquel-lyra","tag-politica","tag-portal-edvaldo-magalhaes"],"_links":{"self":[{"href":"https:\/\/blogdoedvaldomagalhaes.com.br\/index.php\/wp-json\/wp\/v2\/posts\/124722","targetHints":{"allow":["GET"]}}],"collection":[{"href":"https:\/\/blogdoedvaldomagalhaes.com.br\/index.php\/wp-json\/wp\/v2\/posts"}],"about":[{"href":"https:\/\/blogdoedvaldomagalhaes.com.br\/index.php\/wp-json\/wp\/v2\/types\/post"}],"author":[{"embeddable":true,"href":"https:\/\/blogdoedvaldomagalhaes.com.br\/index.php\/wp-json\/wp\/v2\/users\/1"}],"replies":[{"embeddable":true,"href":"https:\/\/blogdoedvaldomagalhaes.com.br\/index.php\/wp-json\/wp\/v2\/comments?post=124722"}],"version-history":[{"count":1,"href":"https:\/\/blogdoedvaldomagalhaes.com.br\/index.php\/wp-json\/wp\/v2\/posts\/124722\/revisions"}],"predecessor-version":[{"id":124724,"href":"https:\/\/blogdoedvaldomagalhaes.com.br\/index.php\/wp-json\/wp\/v2\/posts\/124722\/revisions\/124724"}],"wp:featuredmedia":[{"embeddable":true,"href":"https:\/\/blogdoedvaldomagalhaes.com.br\/index.php\/wp-json\/wp\/v2\/media\/124723"}],"wp:attachment":[{"href":"https:\/\/blogdoedvaldomagalhaes.com.br\/index.php\/wp-json\/wp\/v2\/media?parent=124722"}],"wp:term":[{"taxonomy":"category","embeddable":true,"href":"https:\/\/blogdoedvaldomagalhaes.com.br\/index.php\/wp-json\/wp\/v2\/categories?post=124722"},{"taxonomy":"post_tag","embeddable":true,"href":"https:\/\/blogdoedvaldomagalhaes.com.br\/index.php\/wp-json\/wp\/v2\/tags?post=124722"}],"curies":[{"name":"wp","href":"https:\/\/api.w.org\/{rel}","templated":true}]}}