{"id":124719,"date":"2025-11-13T20:08:48","date_gmt":"2025-11-13T23:08:48","guid":{"rendered":"https:\/\/blogdoedvaldomagalhaes.com.br\/?p=124719"},"modified":"2025-11-13T20:08:48","modified_gmt":"2025-11-13T23:08:48","slug":"liderando-o-dialogo-com-o-setor-produtivo-a-governadora-raquel-lyra-destacou-os-avancos-da-gestao-durante-reuniao-do-movimento-atitude-pernambuco","status":"publish","type":"post","link":"https:\/\/blogdoedvaldomagalhaes.com.br\/index.php\/2025\/11\/13\/liderando-o-dialogo-com-o-setor-produtivo-a-governadora-raquel-lyra-destacou-os-avancos-da-gestao-durante-reuniao-do-movimento-atitude-pernambuco\/","title":{"rendered":"Liderando o di\u00e1logo com o setor produtivo, a governadora Raquel Lyra destacou os avan\u00e7os da gest\u00e3o durante reuni\u00e3o do Movimento Atitude Pernambuco"},"content":{"rendered":"<p>A governadora Raquel Lyra apresentou, nesta quinta-feira (13), um balan\u00e7o das principais a\u00e7\u00f5es do Governo de Pernambuco e os novos projetos previstos para os pr\u00f3ximos anos, durante reuni\u00e3o do Conselho Atitude Pernambuco, no Recife. Diante de um grupo de empres\u00e1rios pernambucanos, a chefe do Executivo estadual destacou os avan\u00e7os j\u00e1 consolidados pela gest\u00e3o e refor\u00e7ou o compromisso com o desenvolvimento econ\u00f4mico e social do Estado. A vice-governadora Priscila Krause tamb\u00e9m participou do encontro.<\/p>\n<p>\u201cDesde o in\u00edcio da nossa gest\u00e3o, temos trabalhado em parceria com os empres\u00e1rios para fazer de Pernambuco um estado cada vez mais atrativo para investimentos. J\u00e1 vemos resultados concretos, no \u00faltimo m\u00eas, lideramos a gera\u00e7\u00e3o de empregos no Nordeste e ficamos em terceiro lugar no pa\u00eds. Obras estruturantes, como o Arco Metropolitano e a retomada da Transnordestina, refletem nosso compromisso com o desenvolvimento e o di\u00e1logo constante entre governo e setor produtivo. Celebramos o que j\u00e1 conquistamos, mas seguimos trabalhando todos os dias para avan\u00e7ar ainda mais\u201d, destacou a governadora Raquel Lyra.<\/p>\n<p>O secret\u00e1rio de Desenvolvimento Econ\u00f4mico, Guilherme Cavalcanti, ressaltou a import\u00e2ncia da parceria entre o setor p\u00fablico e a iniciativa privada na constru\u00e7\u00e3o de resultados concretos para o Estado. \u201cO Governo participa deste encontro n\u00e3o apenas para apresentar as propostas para o futuro, mas tamb\u00e9m para mostrar as entregas j\u00e1 realizadas. \u00c9 importante ressaltar que nossos resultados s\u00e3o fruto do trabalho conjunto com a iniciativa privada e a sociedade civil, e j\u00e1 se refletem na vida dos pernambucanos\u201d, afirmou o titular da pasta.<\/p>\n<p>O Atitude Pernambuco \u00e9 formado por empres\u00e1rios que unem experi\u00eancia e capacidade de gest\u00e3o em iniciativas voltadas ao fortalecimento do Estado e \u00e0 melhoria da qualidade de vida da popula\u00e7\u00e3o. <\/p>\n<p>\u201cNesta reuni\u00e3o, refor\u00e7amos a miss\u00e3o do Atitude Pernambuco, que \u00e9 atuar como um facilitador da uni\u00e3o em prol do Estado. Todos os nossos integrantes est\u00e3o constantemente trabalhando por Pernambuco, e este encontro \u00e9 fundamental para que o Governo de Pernambuco apresente as diversas a\u00e7\u00f5es realizadas em v\u00e1rias \u00e1reas\u201d, afirmou o presidente do Conselho Atitude, Halim Nagem.<\/p>\n<p>Participaram da Reuni\u00e3o os secret\u00e1rios estaduais T\u00falio Villa\u00e7a (Casa Civil), Fabr\u00edcio Marques (Planejamento, Gest\u00e3o e Desenvolvimento Regional), Andr\u00e9 Teixeira Filho (Mobilidade e Infraestrutura) e Jo\u00e3o Sales (Assessoria Especial \u00e0 Governadora e Rela\u00e7\u00f5es Internacionais); al\u00e9m do presidente da Federa\u00e7\u00e3o das Ind\u00fastrias de Pernambuco (Fiepe), Bruno Veloso e diversas lideran\u00e7as empresariais.<br \/>\nSiga o Instagram @portaledvaldomagalhaes<br \/>\nFoto: Miva Filho\/Secom<\/p>\n","protected":false},"excerpt":{"rendered":"<p>A governadora Raquel Lyra apresentou, nesta quinta-feira (13), um balan\u00e7o das principais a\u00e7\u00f5es do Governo de Pernambuco e os novos&hellip;<\/p>\n","protected":false},"author":1,"featured_media":124720,"comment_status":"closed","ping_status":"open","sticky":false,"template":"","format":"standard","meta":{"footnotes":""},"categories":[14120],"tags":[35282,13146,35281,20,34634],"class_list":["post-124719","post","type-post","status-publish","format-standard","has-post-thumbnail","hentry","category-noticias","tag-a-governadora-raquel-lyra-destacou-os-avancos-da-gestao-durante-reuniao-do-movimento-atitude-pernambuco","tag-blog-edvaldo-magalhaes","tag-liderando-o-dialogo-com-o-setor-produtivo","tag-politica","tag-portal-edvaldo-magalhaes"],"_links":{"self":[{"href":"https:\/\/blogdoedvaldomagalhaes.com.br\/index.php\/wp-json\/wp\/v2\/posts\/124719","targetHints":{"allow":["GET"]}}],"collection":[{"href":"https:\/\/blogdoedvaldomagalhaes.com.br\/index.php\/wp-json\/wp\/v2\/posts"}],"about":[{"href":"https:\/\/blogdoedvaldomagalhaes.com.br\/index.php\/wp-json\/wp\/v2\/types\/post"}],"author":[{"embeddable":true,"href":"https:\/\/blogdoedvaldomagalhaes.com.br\/index.php\/wp-json\/wp\/v2\/users\/1"}],"replies":[{"embeddable":true,"href":"https:\/\/blogdoedvaldomagalhaes.com.br\/index.php\/wp-json\/wp\/v2\/comments?post=124719"}],"version-history":[{"count":1,"href":"https:\/\/blogdoedvaldomagalhaes.com.br\/index.php\/wp-json\/wp\/v2\/posts\/124719\/revisions"}],"predecessor-version":[{"id":124721,"href":"https:\/\/blogdoedvaldomagalhaes.com.br\/index.php\/wp-json\/wp\/v2\/posts\/124719\/revisions\/124721"}],"wp:featuredmedia":[{"embeddable":true,"href":"https:\/\/blogdoedvaldomagalhaes.com.br\/index.php\/wp-json\/wp\/v2\/media\/124720"}],"wp:attachment":[{"href":"https:\/\/blogdoedvaldomagalhaes.com.br\/index.php\/wp-json\/wp\/v2\/media?parent=124719"}],"wp:term":[{"taxonomy":"category","embeddable":true,"href":"https:\/\/blogdoedvaldomagalhaes.com.br\/index.php\/wp-json\/wp\/v2\/categories?post=124719"},{"taxonomy":"post_tag","embeddable":true,"href":"https:\/\/blogdoedvaldomagalhaes.com.br\/index.php\/wp-json\/wp\/v2\/tags?post=124719"}],"curies":[{"name":"wp","href":"https:\/\/api.w.org\/{rel}","templated":true}]}}