{"id":124716,"date":"2025-11-13T20:02:41","date_gmt":"2025-11-13T23:02:41","guid":{"rendered":"https:\/\/blogdoedvaldomagalhaes.com.br\/?p=124716"},"modified":"2025-11-13T20:02:41","modified_gmt":"2025-11-13T23:02:41","slug":"governadora-raquel-lyra-destaca-os-avancos-na-assistencia-social-de-pernambuco-durante-o-encontro-estadual-de-protecao-social","status":"publish","type":"post","link":"https:\/\/blogdoedvaldomagalhaes.com.br\/index.php\/2025\/11\/13\/governadora-raquel-lyra-destaca-os-avancos-na-assistencia-social-de-pernambuco-durante-o-encontro-estadual-de-protecao-social\/","title":{"rendered":"Governadora Raquel Lyra destaca os avan\u00e7os na Assist\u00eancia Social de Pernambuco durante o Encontro Estadual de Prote\u00e7\u00e3o Social"},"content":{"rendered":"<p>Durante o Encontro Estadual de Prote\u00e7\u00e3o Social, nesta quinta-feira (13), a governadora Raquel Lyra reafirmou os avan\u00e7os de Pernambuco na \u00e1rea da Assist\u00eancia Social. A gestora destacou algumas pol\u00edticas p\u00fablicas j\u00e1 consolidadas, citando o Sistema \u00danico de Assist\u00eancia Social (SUAS), com o M\u00e3es de Pernambuco, que j\u00e1 alcan\u00e7ou mais de 134 mil mulheres com o aux\u00edlio de R$ 300 mensais, e o Sistema Nacional de Seguran\u00e7a Alimentar e Nutricional (SISAN), contemplando as 235 cozinhas comunit\u00e1rias que j\u00e1 superaram 19 milh\u00f5es de refei\u00e7\u00f5es servidas para pessoas em vulnerabilidade social. O evento aconteceu no Recife e contou com a participa\u00e7\u00e3o da vice-governadora Priscila Krause.<\/p>\n<p>&#8220;Hoje, o Governo de Pernambuco tem quase R$ 1 bilh\u00e3o garantido no or\u00e7amento para fortalecer a assist\u00eancia social, combater a fome atrav\u00e9s das cozinhas comunit\u00e1rias e do M\u00e3es de Pernambuco. N\u00f3s temos integrando a rede socioassistencial de todo o Estado, construindo as parcerias necess\u00e1rias, garantindo os recursos financeiros e todo o apoio t\u00e9cnico para atender aos que mais precisam\u201d, destacou Raquel Lyra.<\/p>\n<p>A iniciativa reuniu gestores, t\u00e9cnicos e representantes da rede de Assist\u00eancia Social de 103 munic\u00edpios pernambucanos. Ao final do encontro, os munic\u00edpios receberam kits com uma colet\u00e2nea atualizada de legisla\u00e7\u00f5es do Sistema \u00danico de Assist\u00eancia Social (SUAS), refor\u00e7ando o apoio t\u00e9cnico do Estado \u00e0s gest\u00f5es locais e a reafirmando a parceria cont\u00ednua na constru\u00e7\u00e3o de pol\u00edticas p\u00fablicas de inclus\u00e3o, cidadania e combate \u00e0s desigualdades.<\/p>\n<p>De acordo com o secret\u00e1rio de Assist\u00eancia Social, Combate \u00e0 Fome e Pol\u00edticas sobre Drogas, Carlos Braga, o trabalho conjunto fortalece a descentraliza\u00e7\u00e3o das pol\u00edticas p\u00fablicas. \u201cDesenvolvemos um trabalho muito forte de impacto nas popula\u00e7\u00f5es mais vulner\u00e1veis das regi\u00f5es. O objetivo deste evento \u00e9 fortalecer a uni\u00e3o entre o Estado e os munic\u00edpios. A assist\u00eancia social \u00e9 a porta de entrada do servi\u00e7o p\u00fablico, por isso, \u00e9 fundamental que o Estado esteja presente para que possam atuar de forma articulada e eficiente\u201d, comentou.<\/p>\n<p>Representando os gestores municipais, J\u00e9ssica Sales, do munic\u00edpio de Riacho das Almas, no Agreste Central, refor\u00e7ou o impacto do apoio estadual no cotidiano da assist\u00eancia social. &#8220;A gente precisava que o Estado estivesse ao nosso lado. Tenho dez anos de atua\u00e7\u00e3o na assist\u00eancia e nunca tinha visto algo assim. Estamos testemunhando os avan\u00e7os da assist\u00eancia social aqui em Pernambuco\u201d, celebrou.<br \/>\nSiga o Instagram @portaledvaldomagalhaes<br \/>\nFoto: Hes\u00edodo G\u00f3es\/Secom<\/p>\n","protected":false},"excerpt":{"rendered":"<p>Durante o Encontro Estadual de Prote\u00e7\u00e3o Social, nesta quinta-feira (13), a governadora Raquel Lyra reafirmou os avan\u00e7os de Pernambuco na&hellip;<\/p>\n","protected":false},"author":1,"featured_media":124717,"comment_status":"closed","ping_status":"open","sticky":false,"template":"","format":"standard","meta":{"footnotes":""},"categories":[14120],"tags":[13146,35280,20,34634],"class_list":["post-124716","post","type-post","status-publish","format-standard","has-post-thumbnail","hentry","category-noticias","tag-blog-edvaldo-magalhaes","tag-governadora-raquel-lyra-destaca-os-avancos-na-assistencia-social-de-pernambuco-durante-o-encontro-estadual-de-protecao-social","tag-politica","tag-portal-edvaldo-magalhaes"],"_links":{"self":[{"href":"https:\/\/blogdoedvaldomagalhaes.com.br\/index.php\/wp-json\/wp\/v2\/posts\/124716","targetHints":{"allow":["GET"]}}],"collection":[{"href":"https:\/\/blogdoedvaldomagalhaes.com.br\/index.php\/wp-json\/wp\/v2\/posts"}],"about":[{"href":"https:\/\/blogdoedvaldomagalhaes.com.br\/index.php\/wp-json\/wp\/v2\/types\/post"}],"author":[{"embeddable":true,"href":"https:\/\/blogdoedvaldomagalhaes.com.br\/index.php\/wp-json\/wp\/v2\/users\/1"}],"replies":[{"embeddable":true,"href":"https:\/\/blogdoedvaldomagalhaes.com.br\/index.php\/wp-json\/wp\/v2\/comments?post=124716"}],"version-history":[{"count":1,"href":"https:\/\/blogdoedvaldomagalhaes.com.br\/index.php\/wp-json\/wp\/v2\/posts\/124716\/revisions"}],"predecessor-version":[{"id":124718,"href":"https:\/\/blogdoedvaldomagalhaes.com.br\/index.php\/wp-json\/wp\/v2\/posts\/124716\/revisions\/124718"}],"wp:featuredmedia":[{"embeddable":true,"href":"https:\/\/blogdoedvaldomagalhaes.com.br\/index.php\/wp-json\/wp\/v2\/media\/124717"}],"wp:attachment":[{"href":"https:\/\/blogdoedvaldomagalhaes.com.br\/index.php\/wp-json\/wp\/v2\/media?parent=124716"}],"wp:term":[{"taxonomy":"category","embeddable":true,"href":"https:\/\/blogdoedvaldomagalhaes.com.br\/index.php\/wp-json\/wp\/v2\/categories?post=124716"},{"taxonomy":"post_tag","embeddable":true,"href":"https:\/\/blogdoedvaldomagalhaes.com.br\/index.php\/wp-json\/wp\/v2\/tags?post=124716"}],"curies":[{"name":"wp","href":"https:\/\/api.w.org\/{rel}","templated":true}]}}