{"id":124713,"date":"2025-11-13T19:34:08","date_gmt":"2025-11-13T22:34:08","guid":{"rendered":"https:\/\/blogdoedvaldomagalhaes.com.br\/?p=124713"},"modified":"2025-11-13T19:34:08","modified_gmt":"2025-11-13T22:34:08","slug":"vereador-junior-letal-solicita-reforco-da-prf-para-melhorar-o-transito-no-viaduto-cidade-alta-petropolis","status":"publish","type":"post","link":"https:\/\/blogdoedvaldomagalhaes.com.br\/index.php\/2025\/11\/13\/vereador-junior-letal-solicita-reforco-da-prf-para-melhorar-o-transito-no-viaduto-cidade-alta-petropolis\/","title":{"rendered":"Vereador J\u00fanior Letal solicita refor\u00e7o da PRF para melhorar o tr\u00e2nsito no viaduto Cidade Alta\u2013Petr\u00f3polis"},"content":{"rendered":"<p>O vereador J\u00fanior Letal encaminhou of\u00edcio \u00e0 Pol\u00edcia Rodovi\u00e1ria Federal de Caruaru solicitando a intensifica\u00e7\u00e3o da fiscaliza\u00e7\u00e3o no viaduto que liga a Cidade Alta ao bairro Petr\u00f3polis, especialmente nos hor\u00e1rios de maior movimento, entre 6h e 9h da manh\u00e3.<\/p>\n<p>A medida tem como objetivo melhorar o fluxo de ve\u00edculos, reduzir os engarrafamentos e garantir mais seguran\u00e7a e mobilidade para quem precisa passar pelo local, principalmente nos dias de feira e agora no per\u00edodo das festas de final de ano, quando o tr\u00e1fego aumenta ainda mais.<\/p>\n<p>J\u00fanior Letal j\u00e1 fez o pleito junto ao Governo do Estado para ampliar as a\u00e7\u00f5es de melhoria no tr\u00e2nsito da regi\u00e3o, e refor\u00e7a que a PRF \u2014 \u00f3rg\u00e3o respons\u00e1vel pela \u00e1rea \u2014 \u00e9 fundamental para oferecer um atendimento mais eficaz ao povo da Cidade Alta e de toda Caruaru.<\/p>\n<p>\u201cO nosso compromisso \u00e9 buscar solu\u00e7\u00f5es pr\u00e1ticas que facilitem a vida da popula\u00e7\u00e3o. A mobilidade n\u00e3o pode esperar\u201d, destacou o vereador.<br \/>\nSeja seguidor do Instagram @portaledvaldomagalhaes<br \/>\nFoto: Divulga\u00e7\u00e3o <\/p>\n","protected":false},"excerpt":{"rendered":"<p>O vereador J\u00fanior Letal encaminhou of\u00edcio \u00e0 Pol\u00edcia Rodovi\u00e1ria Federal de Caruaru solicitando a intensifica\u00e7\u00e3o da fiscaliza\u00e7\u00e3o no viaduto que&hellip;<\/p>\n","protected":false},"author":1,"featured_media":124714,"comment_status":"closed","ping_status":"open","sticky":false,"template":"","format":"standard","meta":{"footnotes":""},"categories":[14122],"tags":[13146,20,34634,35279],"class_list":["post-124713","post","type-post","status-publish","format-standard","has-post-thumbnail","hentry","category-politica","tag-blog-edvaldo-magalhaes","tag-politica","tag-portal-edvaldo-magalhaes","tag-vereador-junior-letal-solicita-reforco-da-prf-para-melhorar-o-transito-no-viaduto-cidade-alta-petropolis"],"_links":{"self":[{"href":"https:\/\/blogdoedvaldomagalhaes.com.br\/index.php\/wp-json\/wp\/v2\/posts\/124713","targetHints":{"allow":["GET"]}}],"collection":[{"href":"https:\/\/blogdoedvaldomagalhaes.com.br\/index.php\/wp-json\/wp\/v2\/posts"}],"about":[{"href":"https:\/\/blogdoedvaldomagalhaes.com.br\/index.php\/wp-json\/wp\/v2\/types\/post"}],"author":[{"embeddable":true,"href":"https:\/\/blogdoedvaldomagalhaes.com.br\/index.php\/wp-json\/wp\/v2\/users\/1"}],"replies":[{"embeddable":true,"href":"https:\/\/blogdoedvaldomagalhaes.com.br\/index.php\/wp-json\/wp\/v2\/comments?post=124713"}],"version-history":[{"count":1,"href":"https:\/\/blogdoedvaldomagalhaes.com.br\/index.php\/wp-json\/wp\/v2\/posts\/124713\/revisions"}],"predecessor-version":[{"id":124715,"href":"https:\/\/blogdoedvaldomagalhaes.com.br\/index.php\/wp-json\/wp\/v2\/posts\/124713\/revisions\/124715"}],"wp:featuredmedia":[{"embeddable":true,"href":"https:\/\/blogdoedvaldomagalhaes.com.br\/index.php\/wp-json\/wp\/v2\/media\/124714"}],"wp:attachment":[{"href":"https:\/\/blogdoedvaldomagalhaes.com.br\/index.php\/wp-json\/wp\/v2\/media?parent=124713"}],"wp:term":[{"taxonomy":"category","embeddable":true,"href":"https:\/\/blogdoedvaldomagalhaes.com.br\/index.php\/wp-json\/wp\/v2\/categories?post=124713"},{"taxonomy":"post_tag","embeddable":true,"href":"https:\/\/blogdoedvaldomagalhaes.com.br\/index.php\/wp-json\/wp\/v2\/tags?post=124713"}],"curies":[{"name":"wp","href":"https:\/\/api.w.org\/{rel}","templated":true}]}}