{"id":124708,"date":"2025-11-13T18:20:00","date_gmt":"2025-11-13T21:20:00","guid":{"rendered":"https:\/\/blogdoedvaldomagalhaes.com.br\/?p=124708"},"modified":"2025-11-13T19:08:25","modified_gmt":"2025-11-13T22:08:25","slug":"municipios-abastecidos-pelo-sistema-jucazinho-terao-reforco-de-carros-pipa-do-exercito-no-atendimento","status":"publish","type":"post","link":"https:\/\/blogdoedvaldomagalhaes.com.br\/index.php\/2025\/11\/13\/municipios-abastecidos-pelo-sistema-jucazinho-terao-reforco-de-carros-pipa-do-exercito-no-atendimento\/","title":{"rendered":"Munic\u00edpios abastecidos pelo Sistema Jucazinho ter\u00e3o refor\u00e7o de carros-pipa do Ex\u00e9rcito no atendimento"},"content":{"rendered":"<p>O presidente da Compesa, Douglas N\u00f3brega, promoveu, nesta quinta-feira (13.11), uma reuni\u00e3o de articula\u00e7\u00e3o com o secret\u00e1rio de Recursos H\u00eddricos e Saneamento, Almir Cirilo, o secret\u00e1rio executivo de Defesa Civil, coronel Cl\u00f3vis Ramalho, e o representante do Ex\u00e9rcito na Opera\u00e7\u00e3o Carro-Pipa, coronel Mello Ara\u00fajo, para discutir o refor\u00e7o de carros-pipa do Ex\u00e9rcito no atendimento aos munic\u00edpios abastecidos pelo Sistema Jucazinho, cuja barragem, devido \u00e0 falta de chuvas, encontra-se em situa\u00e7\u00e3o cr\u00edtica, com apenas 1,28% da sua capacidade de armazenamento. <\/p>\n<p>Durante a reuni\u00e3o, ficou definido que a Defesa Civil Estadual ir\u00e1 mobilizar os 13 munic\u00edpios atendidos por Jucazinho para que formalizem, junto ao Ex\u00e9rcito, a solicita\u00e7\u00e3o de amplia\u00e7\u00e3o do n\u00famero de carros-pipa destinados \u00e0s \u00e1reas rurais remotas e para distritos municipais, no \u00e2mbito da Opera\u00e7\u00e3o Carro-Pipa. A medida tem como objetivo otimizar o uso dos recursos h\u00eddricos dispon\u00edveis, permitindo que a \u00e1gua atualmente transportada por caminh\u00f5es das prefeituras e da pr\u00f3pria Compesa para \u00e1reas rurais seja redirecionada ao abastecimento urbano.<\/p>\n<p>A articula\u00e7\u00e3o ser\u00e1 conduzida pela Defesa Civil de Pernambuco, em conjunto com os munic\u00edpios e o Ex\u00e9rcito, e dever\u00e1 ser encaminhada ao Minist\u00e9rio do Desenvolvimento Regional, \u00f3rg\u00e3o respons\u00e1vel pela coordena\u00e7\u00e3o nacional do programa.<\/p>\n<p>O encontro contou ainda com a participa\u00e7\u00e3o do diretor de Produ\u00e7\u00e3o e Planejamento Operacional da Compesa, Fl\u00e1vio Coutinho; do diretor de Distribui\u00e7\u00e3o do Agreste e Sert\u00e3o, Guilherme Freire; da diretora de Distribui\u00e7\u00e3o da RMR e Matas, Isabelle Crasto; e do secret\u00e1rio de Rela\u00e7\u00f5es Institucionais da Compesa, Eduardo Holanda. Tamb\u00e9m participaram o gerente de Gest\u00e3o de Riscos e Desastres da Defesa Civil, tenente-coronel M\u00e1rcio Ant\u00f4nio Amorim; e o coordenador de Monitoramento e Alerta da SEPDEC-PE, tenente-coronel Marco Filipo da Silva Maria.<br \/>\nSiga o Instagram @portaledvaldomagalhaes<br \/>\nFoto: Divulga\u00e7\u00e3o <\/p>\n","protected":false},"excerpt":{"rendered":"<p>O presidente da Compesa, Douglas N\u00f3brega, promoveu, nesta quinta-feira (13.11), uma reuni\u00e3o de articula\u00e7\u00e3o com o secret\u00e1rio de Recursos H\u00eddricos&hellip;<\/p>\n","protected":false},"author":1,"featured_media":124709,"comment_status":"closed","ping_status":"open","sticky":false,"template":"","format":"standard","meta":{"footnotes":""},"categories":[14120],"tags":[13146,3406,35278,34634],"class_list":["post-124708","post","type-post","status-publish","format-standard","has-post-thumbnail","hentry","category-noticias","tag-blog-edvaldo-magalhaes","tag-caruaru","tag-municipios-abastecidos-pelo-sistema-jucazinho-terao-reforco-de-carros-pipa-do-exercito-no-atendimento","tag-portal-edvaldo-magalhaes"],"_links":{"self":[{"href":"https:\/\/blogdoedvaldomagalhaes.com.br\/index.php\/wp-json\/wp\/v2\/posts\/124708","targetHints":{"allow":["GET"]}}],"collection":[{"href":"https:\/\/blogdoedvaldomagalhaes.com.br\/index.php\/wp-json\/wp\/v2\/posts"}],"about":[{"href":"https:\/\/blogdoedvaldomagalhaes.com.br\/index.php\/wp-json\/wp\/v2\/types\/post"}],"author":[{"embeddable":true,"href":"https:\/\/blogdoedvaldomagalhaes.com.br\/index.php\/wp-json\/wp\/v2\/users\/1"}],"replies":[{"embeddable":true,"href":"https:\/\/blogdoedvaldomagalhaes.com.br\/index.php\/wp-json\/wp\/v2\/comments?post=124708"}],"version-history":[{"count":3,"href":"https:\/\/blogdoedvaldomagalhaes.com.br\/index.php\/wp-json\/wp\/v2\/posts\/124708\/revisions"}],"predecessor-version":[{"id":124712,"href":"https:\/\/blogdoedvaldomagalhaes.com.br\/index.php\/wp-json\/wp\/v2\/posts\/124708\/revisions\/124712"}],"wp:featuredmedia":[{"embeddable":true,"href":"https:\/\/blogdoedvaldomagalhaes.com.br\/index.php\/wp-json\/wp\/v2\/media\/124709"}],"wp:attachment":[{"href":"https:\/\/blogdoedvaldomagalhaes.com.br\/index.php\/wp-json\/wp\/v2\/media?parent=124708"}],"wp:term":[{"taxonomy":"category","embeddable":true,"href":"https:\/\/blogdoedvaldomagalhaes.com.br\/index.php\/wp-json\/wp\/v2\/categories?post=124708"},{"taxonomy":"post_tag","embeddable":true,"href":"https:\/\/blogdoedvaldomagalhaes.com.br\/index.php\/wp-json\/wp\/v2\/tags?post=124708"}],"curies":[{"name":"wp","href":"https:\/\/api.w.org\/{rel}","templated":true}]}}