{"id":124705,"date":"2025-11-13T17:55:58","date_gmt":"2025-11-13T20:55:58","guid":{"rendered":"https:\/\/blogdoedvaldomagalhaes.com.br\/?p=124705"},"modified":"2025-11-13T17:55:58","modified_gmt":"2025-11-13T20:55:58","slug":"vereador-jorge-quintino-propoe-programa-para-formar-e-apoiar-jovens-empreendedores-em-caruaru-e-reduzir-o-desemprego","status":"publish","type":"post","link":"https:\/\/blogdoedvaldomagalhaes.com.br\/index.php\/2025\/11\/13\/vereador-jorge-quintino-propoe-programa-para-formar-e-apoiar-jovens-empreendedores-em-caruaru-e-reduzir-o-desemprego\/","title":{"rendered":"Vereador Jorge Quintino prop\u00f5e programa para formar e apoiar jovens empreendedores em Caruaru e reduzir o desemprego"},"content":{"rendered":"<p>_Programa pretende oferecer forma\u00e7\u00e3o t\u00e9cnica, apoio financeiro e orienta\u00e7\u00e3o profissional a jovens empreendedores do munic\u00edpio._<\/p>\n<p>Com o objetivo de impulsionar o empreendedorismo jovem, o vereador Professor Jorge Quintino (PODE) apresentou, na C\u00e2mara Municipal de Caruaru, um requerimento solicitando que a Prefeitura de Caruaru crie *programas municipais de incentivo e capacita\u00e7\u00e3o voltados a jovens de at\u00e9 29 anos.* A iniciativa pretende apoiar a formaliza\u00e7\u00e3o de Microempreendedores Individuais (MEIs), oferecendo mentoria t\u00e9cnica, forma\u00e7\u00e3o empreendedora e acesso a linhas de microcr\u00e9dito com condi\u00e7\u00f5es facilitadas.<\/p>\n<p>A proposta busca enfrentar o alto \u00edndice de desemprego entre os jovens, criando oportunidades para que eles ingressem no mercado com mais autonomia e inova\u00e7\u00e3o. _\u201cCaruaru tem uma voca\u00e7\u00e3o empreendedora natural. Precisamos transformar esse potencial em oportunidades reais para a juventude, criando condi\u00e7\u00f5es para que nossos jovens possam abrir seus pr\u00f3prios neg\u00f3cios. Quando o jovem empreende, ele n\u00e3o apenas transforma a pr\u00f3pria vida, mas movimenta toda a economia local. \u00c9 fundamental que o poder p\u00fablico ofere\u00e7a ferramentas e apoio para que esse talento flores\u00e7a\u201d,_ disse o vereador.<\/p>\n<p>O programa, se implementado, poder\u00e1 al\u00e7ar Caruaru como refer\u00eancia regional em pol\u00edticas p\u00fablicas voltadas ao empreendedorismo jovem, gera\u00e7\u00e3o de emprego e renda e fortalecimento dos micro e pequenos neg\u00f3cios. O projeto segue para aprecia\u00e7\u00e3o do  Poder Legislativo.<br \/>\nSiga o Instagram @portaledvaldomagalhaes<br \/>\nFoto: Divulga\u00e7\u00e3o <\/p>\n","protected":false},"excerpt":{"rendered":"<p>_Programa pretende oferecer forma\u00e7\u00e3o t\u00e9cnica, apoio financeiro e orienta\u00e7\u00e3o profissional a jovens empreendedores do munic\u00edpio._ Com o objetivo de impulsionar&hellip;<\/p>\n","protected":false},"author":1,"featured_media":124706,"comment_status":"closed","ping_status":"open","sticky":false,"template":"","format":"standard","meta":{"footnotes":""},"categories":[14122],"tags":[13146,3406,20,34634,35277],"class_list":["post-124705","post","type-post","status-publish","format-standard","has-post-thumbnail","hentry","category-politica","tag-blog-edvaldo-magalhaes","tag-caruaru","tag-politica","tag-portal-edvaldo-magalhaes","tag-vereador-jorge-quintino-propoe-programa-para-formar-e-apoiar-jovens-empreendedores-em-caruaru-e-reduzir-o-desemprego"],"_links":{"self":[{"href":"https:\/\/blogdoedvaldomagalhaes.com.br\/index.php\/wp-json\/wp\/v2\/posts\/124705","targetHints":{"allow":["GET"]}}],"collection":[{"href":"https:\/\/blogdoedvaldomagalhaes.com.br\/index.php\/wp-json\/wp\/v2\/posts"}],"about":[{"href":"https:\/\/blogdoedvaldomagalhaes.com.br\/index.php\/wp-json\/wp\/v2\/types\/post"}],"author":[{"embeddable":true,"href":"https:\/\/blogdoedvaldomagalhaes.com.br\/index.php\/wp-json\/wp\/v2\/users\/1"}],"replies":[{"embeddable":true,"href":"https:\/\/blogdoedvaldomagalhaes.com.br\/index.php\/wp-json\/wp\/v2\/comments?post=124705"}],"version-history":[{"count":1,"href":"https:\/\/blogdoedvaldomagalhaes.com.br\/index.php\/wp-json\/wp\/v2\/posts\/124705\/revisions"}],"predecessor-version":[{"id":124707,"href":"https:\/\/blogdoedvaldomagalhaes.com.br\/index.php\/wp-json\/wp\/v2\/posts\/124705\/revisions\/124707"}],"wp:featuredmedia":[{"embeddable":true,"href":"https:\/\/blogdoedvaldomagalhaes.com.br\/index.php\/wp-json\/wp\/v2\/media\/124706"}],"wp:attachment":[{"href":"https:\/\/blogdoedvaldomagalhaes.com.br\/index.php\/wp-json\/wp\/v2\/media?parent=124705"}],"wp:term":[{"taxonomy":"category","embeddable":true,"href":"https:\/\/blogdoedvaldomagalhaes.com.br\/index.php\/wp-json\/wp\/v2\/categories?post=124705"},{"taxonomy":"post_tag","embeddable":true,"href":"https:\/\/blogdoedvaldomagalhaes.com.br\/index.php\/wp-json\/wp\/v2\/tags?post=124705"}],"curies":[{"name":"wp","href":"https:\/\/api.w.org\/{rel}","templated":true}]}}