{"id":124702,"date":"2025-11-13T17:32:15","date_gmt":"2025-11-13T20:32:15","guid":{"rendered":"https:\/\/blogdoedvaldomagalhaes.com.br\/?p=124702"},"modified":"2025-11-13T17:32:15","modified_gmt":"2025-11-13T20:32:15","slug":"anderson-correia-cobra-novamente-cumprimento-de-abastecimento-de-agua-da-compesa-em-caruaru","status":"publish","type":"post","link":"https:\/\/blogdoedvaldomagalhaes.com.br\/index.php\/2025\/11\/13\/anderson-correia-cobra-novamente-cumprimento-de-abastecimento-de-agua-da-compesa-em-caruaru\/","title":{"rendered":"Anderson Correia cobra novamente cumprimento de abastecimento de \u00e1gua da Compesa em Caruaru"},"content":{"rendered":"<p>O vereador e pr\u00e9-candidato a deputado estadual Anderson Correia (PP\/UP) voltou a cobrar da Compesa o cumprimento do abastecimento de \u00e1gua em Caruaru. O parlamentar tem recebido in\u00fameros pedidos da popula\u00e7\u00e3o em seu gabinete para que intervenha junto \u00e0 companhia diante da falta d\u2019\u00e1gua que vem afetando diversos bairros da cidade. Entre as localidades mais prejudicadas est\u00e3o os bairros Nova Caruaru, Luiz gonzaga, Panorama e Mauricio de Nassau, onde moradores t\u00eam recorrido ao abastecimento por caminh\u00f5es-pipa.<\/p>\n<p>Correia destacou que a situa\u00e7\u00e3o tem causado s\u00e9rios transtornos na rotina das fam\u00edlias e refor\u00e7ou a import\u00e2ncia de a Compesa cumprir seu papel com responsabilidade e transpar\u00eancia. Segundo ele, a popula\u00e7\u00e3o n\u00e3o pode continuar sofrendo com a irregularidade de um servi\u00e7o essencial.<\/p>\n<p>\u201c\u00c9 inadmiss\u00edvel que, em pleno 2025, tantas fam\u00edlias ainda enfrentem a falta d\u2019\u00e1gua em suas casas. A Compesa precisa observar os princ\u00edpios da publicidade e da efici\u00eancia, previstos no artigo 37 da Constitui\u00e7\u00e3o Federal, e dar uma resposta efetiva \u00e0 popula\u00e7\u00e3o de Caruaru. A empresa est\u00e1 publicando um cronograma, por\u00e9m n\u00e3o est\u00e1 cumprindo. \u00c1gua \u00e9 um direito b\u00e1sico e n\u00e3o pode ser tratada como privil\u00e9gio, precisamos de um posicionamento urgente da companhia\u201d, destacou Correia.<br \/>\nSiga o Instagram @portaledvaldomagalhaes<br \/>\nFoto: Vladimir Barreto <\/p>\n","protected":false},"excerpt":{"rendered":"<p>O vereador e pr\u00e9-candidato a deputado estadual Anderson Correia (PP\/UP) voltou a cobrar da Compesa o cumprimento do abastecimento de&hellip;<\/p>\n","protected":false},"author":1,"featured_media":124703,"comment_status":"closed","ping_status":"open","sticky":false,"template":"","format":"standard","meta":{"footnotes":""},"categories":[14122],"tags":[35276,13146,20,34634],"class_list":["post-124702","post","type-post","status-publish","format-standard","has-post-thumbnail","hentry","category-politica","tag-anderson-correia-cobra-novamente-cumprimento-de-abastecimento-de-agua-da-compesa-em-caruaru","tag-blog-edvaldo-magalhaes","tag-politica","tag-portal-edvaldo-magalhaes"],"_links":{"self":[{"href":"https:\/\/blogdoedvaldomagalhaes.com.br\/index.php\/wp-json\/wp\/v2\/posts\/124702","targetHints":{"allow":["GET"]}}],"collection":[{"href":"https:\/\/blogdoedvaldomagalhaes.com.br\/index.php\/wp-json\/wp\/v2\/posts"}],"about":[{"href":"https:\/\/blogdoedvaldomagalhaes.com.br\/index.php\/wp-json\/wp\/v2\/types\/post"}],"author":[{"embeddable":true,"href":"https:\/\/blogdoedvaldomagalhaes.com.br\/index.php\/wp-json\/wp\/v2\/users\/1"}],"replies":[{"embeddable":true,"href":"https:\/\/blogdoedvaldomagalhaes.com.br\/index.php\/wp-json\/wp\/v2\/comments?post=124702"}],"version-history":[{"count":1,"href":"https:\/\/blogdoedvaldomagalhaes.com.br\/index.php\/wp-json\/wp\/v2\/posts\/124702\/revisions"}],"predecessor-version":[{"id":124704,"href":"https:\/\/blogdoedvaldomagalhaes.com.br\/index.php\/wp-json\/wp\/v2\/posts\/124702\/revisions\/124704"}],"wp:featuredmedia":[{"embeddable":true,"href":"https:\/\/blogdoedvaldomagalhaes.com.br\/index.php\/wp-json\/wp\/v2\/media\/124703"}],"wp:attachment":[{"href":"https:\/\/blogdoedvaldomagalhaes.com.br\/index.php\/wp-json\/wp\/v2\/media?parent=124702"}],"wp:term":[{"taxonomy":"category","embeddable":true,"href":"https:\/\/blogdoedvaldomagalhaes.com.br\/index.php\/wp-json\/wp\/v2\/categories?post=124702"},{"taxonomy":"post_tag","embeddable":true,"href":"https:\/\/blogdoedvaldomagalhaes.com.br\/index.php\/wp-json\/wp\/v2\/tags?post=124702"}],"curies":[{"name":"wp","href":"https:\/\/api.w.org\/{rel}","templated":true}]}}