{"id":1247,"date":"2018-09-21T23:37:00","date_gmt":"2018-09-22T02:37:00","guid":{"rendered":"http:\/\/blogdoedvaldomagalhaes.com.br\/index.php\/2018\/09\/21\/haddad-com-agenda-em-caruaru-neste\/"},"modified":"2019-02-09T02:31:50","modified_gmt":"2019-02-09T04:31:50","slug":"haddad-com-agenda-em-caruaru-neste","status":"publish","type":"post","link":"https:\/\/blogdoedvaldomagalhaes.com.br\/index.php\/2018\/09\/21\/haddad-com-agenda-em-caruaru-neste\/","title":{"rendered":"Haddad com agenda em Caruaru neste s\u00e1bado (22)"},"content":{"rendered":"<div class=\"separator\" style=\"clear: both; text-align: center;\">\n<a href=\"https:\/\/3.bp.blogspot.com\/-9zS-GP0j00E\/W6WAgrHCMLI\/AAAAAAAA6aM\/ewYDZlnEytIsa3_Y-X6IL8eZxMmpwRMvQCLcBGAs\/s1600\/habdda.jpg\" imageanchor=\"1\" style=\"margin-left: 1em; margin-right: 1em;\"><img loading=\"lazy\" decoding=\"async\" border=\"0\" data-original-height=\"278\" data-original-width=\"529\" height=\"330\" src=\"http:\/\/blogdoedvaldomagalhaes.com.br\/wp-content\/uploads\/2018\/09\/habdda.jpg\" width=\"640\" \/><\/a><\/div>\n<p><\/p>\n<div style=\"text-align: justify;\">\nO candidato do PT \u00e0 presid\u00eancia da Rep\u00fablica, Fernando Haddad, vem a Caruaru neste s\u00e1bado (22). A&nbsp;concentra\u00e7\u00e3o ser\u00e1 a partir de 13h na Avenida Rui Barbosa (em frente ao INSS), com apresenta\u00e7\u00f5es culturais, como banda de p\u00edfanos, boi bumb\u00e1, mazurca etc.<\/div>\n<div style=\"text-align: justify;\">\n<\/div>\n<div style=\"text-align: justify;\">\nA chegada do petista est\u00e1 prevista \u00e0s 16h ao lado do governador e candidato \u00e0 reelei\u00e7\u00e3o Paulo Camara (PSB), o candidato ao Senado Humberto (PT), Manuela D\u2019Avila e Luciana Santos ( ambas do PCdoB).<\/div>\n<div style=\"text-align: justify;\">\n<\/div>\n<div style=\"text-align: justify;\">\nA partir de 15h30 ter\u00e1 In\u00edcio uma carreata pelas ruas centrais da cidade. O encerramento da carreata e sa\u00edda de Haddad e comitiva para Petrolina ser\u00e1 \u00e0s 18h.<\/div>\n<div style=\"text-align: justify;\">\n<\/div>\n","protected":false},"excerpt":{"rendered":"<p>O candidato do PT \u00e0 presid\u00eancia da Rep\u00fablica, Fernando Haddad, vem a Caruaru neste s\u00e1bado (22). A&nbsp;concentra\u00e7\u00e3o ser\u00e1 a partir&hellip;<\/p>\n","protected":false},"author":1,"featured_media":0,"comment_status":"open","ping_status":"open","sticky":false,"template":"","format":"standard","meta":{"footnotes":""},"categories":[1],"tags":[2,1204,20],"class_list":["post-1247","post","type-post","status-publish","format-standard","hentry","category-sem-categoria","tag-blog-do-edvaldo-magalhaes","tag-haddad-com-agenda-em-caruaru-neste-sabado-22","tag-politica"],"_links":{"self":[{"href":"https:\/\/blogdoedvaldomagalhaes.com.br\/index.php\/wp-json\/wp\/v2\/posts\/1247","targetHints":{"allow":["GET"]}}],"collection":[{"href":"https:\/\/blogdoedvaldomagalhaes.com.br\/index.php\/wp-json\/wp\/v2\/posts"}],"about":[{"href":"https:\/\/blogdoedvaldomagalhaes.com.br\/index.php\/wp-json\/wp\/v2\/types\/post"}],"author":[{"embeddable":true,"href":"https:\/\/blogdoedvaldomagalhaes.com.br\/index.php\/wp-json\/wp\/v2\/users\/1"}],"replies":[{"embeddable":true,"href":"https:\/\/blogdoedvaldomagalhaes.com.br\/index.php\/wp-json\/wp\/v2\/comments?post=1247"}],"version-history":[{"count":1,"href":"https:\/\/blogdoedvaldomagalhaes.com.br\/index.php\/wp-json\/wp\/v2\/posts\/1247\/revisions"}],"predecessor-version":[{"id":34248,"href":"https:\/\/blogdoedvaldomagalhaes.com.br\/index.php\/wp-json\/wp\/v2\/posts\/1247\/revisions\/34248"}],"wp:attachment":[{"href":"https:\/\/blogdoedvaldomagalhaes.com.br\/index.php\/wp-json\/wp\/v2\/media?parent=1247"}],"wp:term":[{"taxonomy":"category","embeddable":true,"href":"https:\/\/blogdoedvaldomagalhaes.com.br\/index.php\/wp-json\/wp\/v2\/categories?post=1247"},{"taxonomy":"post_tag","embeddable":true,"href":"https:\/\/blogdoedvaldomagalhaes.com.br\/index.php\/wp-json\/wp\/v2\/tags?post=1247"}],"curies":[{"name":"wp","href":"https:\/\/api.w.org\/{rel}","templated":true}]}}