{"id":124699,"date":"2025-11-13T11:07:18","date_gmt":"2025-11-13T14:07:18","guid":{"rendered":"https:\/\/blogdoedvaldomagalhaes.com.br\/?p=124699"},"modified":"2025-11-13T11:07:18","modified_gmt":"2025-11-13T14:07:18","slug":"caruaru-promove-acao-do-novembro-azul-nesta-sexta-feira-14","status":"publish","type":"post","link":"https:\/\/blogdoedvaldomagalhaes.com.br\/index.php\/2025\/11\/13\/caruaru-promove-acao-do-novembro-azul-nesta-sexta-feira-14\/","title":{"rendered":"Caruaru promove a\u00e7\u00e3o do Novembro Azul nesta sexta-feira (14)"},"content":{"rendered":"<p>A Secretaria de Assist\u00eancia Social e Combate \u00e0 Fome (SAS) e do Centro Integrado de Direitos Humanos (CIDH), com apoio da Secretaria de Sa\u00fade, Funda\u00e7\u00e3o de Cultura e ACACE, realiza nesta sexta-feira (14), a a\u00e7\u00e3o Novembro Azul \u2013 \u201cCuidar da sa\u00fade \u00e9 um ato de coragem!\u201d, no Galp\u00e3o da Esta\u00e7\u00e3o Ferrovi\u00e1ria, das 8h \u00e0s 12h.<\/p>\n<p>Voltada para homens de todas as idades, usu\u00e1rios dos servi\u00e7os socioassistenciais, servidores p\u00fablicos e a comunidade em geral, a programa\u00e7\u00e3o re\u00fane atividades esportivas, rodas de conversa e atendimentos de sa\u00fade, incentivando a preven\u00e7\u00e3o e o cuidado integral.<\/p>\n<p>O evento contar\u00e1 com acolhimento da equipe do CIDH, atividades do N\u00facleo Esportivo, roda de conversa com um psicanalista, aferi\u00e7\u00e3o de press\u00e3o e glicemia, vacinas, massagens, auriculoterapia e orienta\u00e7\u00f5es sobre preven\u00e7\u00e3o do c\u00e2ncer de pr\u00f3stata.<\/p>\n<p>O encerramento ter\u00e1 o tema \u201cAzul \u00e9 cor de vida\u201d, com entrega simb\u00f3lica de la\u00e7os azuis e apresenta\u00e7\u00e3o do Coral Saber Viver.<\/p>\n<p>A a\u00e7\u00e3o refor\u00e7a o compromisso da gest\u00e3o municipal em promover pol\u00edticas p\u00fablicas integradas que valorizem a sa\u00fade, o bem-estar e os direitos da popula\u00e7\u00e3o caruaruense.<br \/>\nSiga o Instagram @portaledvaldomagalhaes<br \/>\nFoto: Divulga\u00e7\u00e3o <\/p>\n","protected":false},"excerpt":{"rendered":"<p>A Secretaria de Assist\u00eancia Social e Combate \u00e0 Fome (SAS) e do Centro Integrado de Direitos Humanos (CIDH), com apoio&hellip;<\/p>\n","protected":false},"author":1,"featured_media":124700,"comment_status":"closed","ping_status":"open","sticky":false,"template":"","format":"standard","meta":{"footnotes":""},"categories":[14120],"tags":[13146,35275,34634],"class_list":["post-124699","post","type-post","status-publish","format-standard","has-post-thumbnail","hentry","category-noticias","tag-blog-edvaldo-magalhaes","tag-caruaru-promove-acao-do-novembro-azul-nesta-sexta-feira-14","tag-portal-edvaldo-magalhaes"],"_links":{"self":[{"href":"https:\/\/blogdoedvaldomagalhaes.com.br\/index.php\/wp-json\/wp\/v2\/posts\/124699","targetHints":{"allow":["GET"]}}],"collection":[{"href":"https:\/\/blogdoedvaldomagalhaes.com.br\/index.php\/wp-json\/wp\/v2\/posts"}],"about":[{"href":"https:\/\/blogdoedvaldomagalhaes.com.br\/index.php\/wp-json\/wp\/v2\/types\/post"}],"author":[{"embeddable":true,"href":"https:\/\/blogdoedvaldomagalhaes.com.br\/index.php\/wp-json\/wp\/v2\/users\/1"}],"replies":[{"embeddable":true,"href":"https:\/\/blogdoedvaldomagalhaes.com.br\/index.php\/wp-json\/wp\/v2\/comments?post=124699"}],"version-history":[{"count":1,"href":"https:\/\/blogdoedvaldomagalhaes.com.br\/index.php\/wp-json\/wp\/v2\/posts\/124699\/revisions"}],"predecessor-version":[{"id":124701,"href":"https:\/\/blogdoedvaldomagalhaes.com.br\/index.php\/wp-json\/wp\/v2\/posts\/124699\/revisions\/124701"}],"wp:featuredmedia":[{"embeddable":true,"href":"https:\/\/blogdoedvaldomagalhaes.com.br\/index.php\/wp-json\/wp\/v2\/media\/124700"}],"wp:attachment":[{"href":"https:\/\/blogdoedvaldomagalhaes.com.br\/index.php\/wp-json\/wp\/v2\/media?parent=124699"}],"wp:term":[{"taxonomy":"category","embeddable":true,"href":"https:\/\/blogdoedvaldomagalhaes.com.br\/index.php\/wp-json\/wp\/v2\/categories?post=124699"},{"taxonomy":"post_tag","embeddable":true,"href":"https:\/\/blogdoedvaldomagalhaes.com.br\/index.php\/wp-json\/wp\/v2\/tags?post=124699"}],"curies":[{"name":"wp","href":"https:\/\/api.w.org\/{rel}","templated":true}]}}