{"id":124691,"date":"2025-11-13T10:14:31","date_gmt":"2025-11-13T13:14:31","guid":{"rendered":"https:\/\/blogdoedvaldomagalhaes.com.br\/?p=124691"},"modified":"2025-11-13T10:26:08","modified_gmt":"2025-11-13T13:26:08","slug":"policia-civil-deflagra-operacao-em-caruaru-para-combater-os-crimes-de-homicidios-trafico-de-drogas-e-roubo","status":"publish","type":"post","link":"https:\/\/blogdoedvaldomagalhaes.com.br\/index.php\/2025\/11\/13\/policia-civil-deflagra-operacao-em-caruaru-para-combater-os-crimes-de-homicidios-trafico-de-drogas-e-roubo\/","title":{"rendered":"Pol\u00edcia Civil deflagra opera\u00e7\u00e3o em Caruaru para combater os crimes de homic\u00eddios, tr\u00e1fico de drogas e roubo"},"content":{"rendered":"<p>A POL\u00cdCIA CIVIL DO ESTADO DE PERNAMBUCO deflagrou na manh\u00e3 do dia 13\/11\/2025 a opera\u00e7\u00e3o policial denominada &#8220;CONSECUTIO II&#8221;, que teve como objetivo combater os crimes de Homic\u00eddios, tr\u00e1fico de drogas e roubo. Durante a Opera\u00e7\u00e3o foram cumpridos 03 mandados de pris\u00e3o preventiva, 02 mandados de busca e apreens\u00e3o de menor infrator e 04 mandados de busca e apreens\u00e3o em resid\u00eancias na cidade de Caruaru-PE.<\/p>\n<p><img loading=\"lazy\" decoding=\"async\" src=\"https:\/\/blogdoedvaldomagalhaes.com.br\/wp-content\/uploads\/2025\/11\/img-20251113-wa00495299744541464679074.jpg\" class=\"wp-image-124696 alignnone size-full\" width=\"720\" height=\"1280\" srcset=\"https:\/\/blogdoedvaldomagalhaes.com.br\/wp-content\/uploads\/2025\/11\/img-20251113-wa00495299744541464679074.jpg 720w, https:\/\/blogdoedvaldomagalhaes.com.br\/wp-content\/uploads\/2025\/11\/img-20251113-wa00495299744541464679074-169x300.jpg 169w, https:\/\/blogdoedvaldomagalhaes.com.br\/wp-content\/uploads\/2025\/11\/img-20251113-wa00495299744541464679074-576x1024.jpg 576w\" sizes=\"auto, (max-width: 720px) 100vw, 720px\" \/><\/p>\n<p>Os alvos s\u00e3o investigados como autores de homic\u00eddios ocorridos na cidade de Caruaru e roubos utilizando ve\u00edculos motocicleta. A investiga\u00e7\u00e3o aponta que os crimes foram motivados por rela\u00e7\u00e3o dos autores e v\u00edtimas com o tr\u00e1fico de drogas.<\/p>\n<p>Os mandados foram expedidos pela Vara do Tribunal do J\u00fari de Caruaru e Vara da Inf\u00e2ncia de Juventude. Na execu\u00e7\u00e3o foram empregados 30 Policiais Civis, entre Delegados, Agentes, e escriv\u00e3es.<\/p>\n<p>Durante o cumprimento dos mandados foi apreendida a motocicleta utilizada pelo grupo criminoso para a pr\u00e1tica de crimes.<br \/>\nSiga o Instagram @portaledvaldomagalhaes<br \/>\nFoto: Divulga\u00e7\u00e3o\/PC<\/p>\n","protected":false},"excerpt":{"rendered":"<p>A POL\u00cdCIA CIVIL DO ESTADO DE PERNAMBUCO deflagrou na manh\u00e3 do dia 13\/11\/2025 a opera\u00e7\u00e3o policial denominada &#8220;CONSECUTIO II&#8221;, que&hellip;<\/p>\n","protected":false},"author":1,"featured_media":124694,"comment_status":"closed","ping_status":"open","sticky":false,"template":"","format":"standard","meta":{"footnotes":""},"categories":[14121],"tags":[13146,3406,34634],"class_list":["post-124691","post","type-post","status-publish","format-standard","has-post-thumbnail","hentry","category-policial","tag-blog-edvaldo-magalhaes","tag-caruaru","tag-portal-edvaldo-magalhaes"],"_links":{"self":[{"href":"https:\/\/blogdoedvaldomagalhaes.com.br\/index.php\/wp-json\/wp\/v2\/posts\/124691","targetHints":{"allow":["GET"]}}],"collection":[{"href":"https:\/\/blogdoedvaldomagalhaes.com.br\/index.php\/wp-json\/wp\/v2\/posts"}],"about":[{"href":"https:\/\/blogdoedvaldomagalhaes.com.br\/index.php\/wp-json\/wp\/v2\/types\/post"}],"author":[{"embeddable":true,"href":"https:\/\/blogdoedvaldomagalhaes.com.br\/index.php\/wp-json\/wp\/v2\/users\/1"}],"replies":[{"embeddable":true,"href":"https:\/\/blogdoedvaldomagalhaes.com.br\/index.php\/wp-json\/wp\/v2\/comments?post=124691"}],"version-history":[{"count":3,"href":"https:\/\/blogdoedvaldomagalhaes.com.br\/index.php\/wp-json\/wp\/v2\/posts\/124691\/revisions"}],"predecessor-version":[{"id":124697,"href":"https:\/\/blogdoedvaldomagalhaes.com.br\/index.php\/wp-json\/wp\/v2\/posts\/124691\/revisions\/124697"}],"wp:featuredmedia":[{"embeddable":true,"href":"https:\/\/blogdoedvaldomagalhaes.com.br\/index.php\/wp-json\/wp\/v2\/media\/124694"}],"wp:attachment":[{"href":"https:\/\/blogdoedvaldomagalhaes.com.br\/index.php\/wp-json\/wp\/v2\/media?parent=124691"}],"wp:term":[{"taxonomy":"category","embeddable":true,"href":"https:\/\/blogdoedvaldomagalhaes.com.br\/index.php\/wp-json\/wp\/v2\/categories?post=124691"},{"taxonomy":"post_tag","embeddable":true,"href":"https:\/\/blogdoedvaldomagalhaes.com.br\/index.php\/wp-json\/wp\/v2\/tags?post=124691"}],"curies":[{"name":"wp","href":"https:\/\/api.w.org\/{rel}","templated":true}]}}