{"id":124683,"date":"2025-11-13T08:47:11","date_gmt":"2025-11-13T11:47:11","guid":{"rendered":"https:\/\/blogdoedvaldomagalhaes.com.br\/?p=124683"},"modified":"2025-11-13T21:07:17","modified_gmt":"2025-11-14T00:07:17","slug":"ex-presidiario-e-assassinado-a-tiros-dentro-de-casa-em-caruaru","status":"publish","type":"post","link":"https:\/\/blogdoedvaldomagalhaes.com.br\/index.php\/2025\/11\/13\/ex-presidiario-e-assassinado-a-tiros-dentro-de-casa-em-caruaru\/","title":{"rendered":"Ex-presidi\u00e1rio \u00e9 assassinado a tiros dentro de casa em Caruaru"},"content":{"rendered":"<p>Um ex-presidi\u00e1rio foi assassinado durante a madrugada desta quinta-feira (13), em Caruaru. Janieliton Glauco Silva Barbosa, de 30 anos, foi morto a tiros dentro de casa, na Avenida Mississipi, na beira do canal do bairro Salgado. Ele j\u00e1 cumpriu pena por assalto.<\/p>\n<p>De acordo com informa\u00e7\u00f5es da pol\u00edcia, a v\u00edtima estava dormindo com a esposa, quando algu\u00e9m chegou na porta da resid\u00eancia chamando por Janieliton. No momento em que abriu a porta foi atingido pelos tiros.<br \/>\nEste foi o 5\u00ba homic\u00eddio registrado neste m\u00eas de novembro em Caruaru. No ano, de janeiro at\u00e9 agora, mataram no munic\u00edpio 86 pessoas.<br \/>\nPor Helenivaldo Pereira\/R\u00e1dio Liberdade<br \/>\nSiga o Instagram @portaledvaldomagalhaes e comente<br \/>\nFoto: Luiz Galv\u00e3o<\/p>\n","protected":false},"excerpt":{"rendered":"<p>Um ex-presidi\u00e1rio foi assassinado durante a madrugada desta quinta-feira (13), em Caruaru. Janieliton Glauco Silva Barbosa, de 30 anos, foi&hellip;<\/p>\n","protected":false},"author":1,"featured_media":124684,"comment_status":"closed","ping_status":"open","sticky":false,"template":"","format":"standard","meta":{"footnotes":""},"categories":[14121],"tags":[13146,35274,5448,34634],"class_list":["post-124683","post","type-post","status-publish","format-standard","has-post-thumbnail","hentry","category-policial","tag-blog-edvaldo-magalhaes","tag-ex-presidiario-e-assassinado-a-tiros-dentro-de-casa-em-caruaru","tag-homicidio","tag-portal-edvaldo-magalhaes"],"_links":{"self":[{"href":"https:\/\/blogdoedvaldomagalhaes.com.br\/index.php\/wp-json\/wp\/v2\/posts\/124683","targetHints":{"allow":["GET"]}}],"collection":[{"href":"https:\/\/blogdoedvaldomagalhaes.com.br\/index.php\/wp-json\/wp\/v2\/posts"}],"about":[{"href":"https:\/\/blogdoedvaldomagalhaes.com.br\/index.php\/wp-json\/wp\/v2\/types\/post"}],"author":[{"embeddable":true,"href":"https:\/\/blogdoedvaldomagalhaes.com.br\/index.php\/wp-json\/wp\/v2\/users\/1"}],"replies":[{"embeddable":true,"href":"https:\/\/blogdoedvaldomagalhaes.com.br\/index.php\/wp-json\/wp\/v2\/comments?post=124683"}],"version-history":[{"count":2,"href":"https:\/\/blogdoedvaldomagalhaes.com.br\/index.php\/wp-json\/wp\/v2\/posts\/124683\/revisions"}],"predecessor-version":[{"id":124686,"href":"https:\/\/blogdoedvaldomagalhaes.com.br\/index.php\/wp-json\/wp\/v2\/posts\/124683\/revisions\/124686"}],"wp:featuredmedia":[{"embeddable":true,"href":"https:\/\/blogdoedvaldomagalhaes.com.br\/index.php\/wp-json\/wp\/v2\/media\/124684"}],"wp:attachment":[{"href":"https:\/\/blogdoedvaldomagalhaes.com.br\/index.php\/wp-json\/wp\/v2\/media?parent=124683"}],"wp:term":[{"taxonomy":"category","embeddable":true,"href":"https:\/\/blogdoedvaldomagalhaes.com.br\/index.php\/wp-json\/wp\/v2\/categories?post=124683"},{"taxonomy":"post_tag","embeddable":true,"href":"https:\/\/blogdoedvaldomagalhaes.com.br\/index.php\/wp-json\/wp\/v2\/tags?post=124683"}],"curies":[{"name":"wp","href":"https:\/\/api.w.org\/{rel}","templated":true}]}}