{"id":124680,"date":"2025-11-12T22:36:12","date_gmt":"2025-11-13T01:36:12","guid":{"rendered":"https:\/\/blogdoedvaldomagalhaes.com.br\/?p=124680"},"modified":"2025-11-12T22:41:18","modified_gmt":"2025-11-13T01:41:18","slug":"equipe-liberdade-comemora-1o-lugar-e-crescimento-de-audiencia-em-pesquisa","status":"publish","type":"post","link":"https:\/\/blogdoedvaldomagalhaes.com.br\/index.php\/2025\/11\/12\/equipe-liberdade-comemora-1o-lugar-e-crescimento-de-audiencia-em-pesquisa\/","title":{"rendered":"Equipe Liberdade comemora 1\u00ba lugar e crescimento de audi\u00eancia em pesquisa"},"content":{"rendered":"<p>Nesta quarta-feira (12), a equipe da R\u00e1dio Liberdade se reuniu para comemorar o resultado da pesquisa do Instituto 6 Sigma sobre audi\u00eancia de r\u00e1dio em Caruaru. Este ano, a Liberdade 94.7 que completa 60 anos, segue em lideran\u00e7a absoluta!<\/p>\n<p>Todos os programas da R\u00e1dio pontuaram positivamente, propiciando um crescimento de 8,6 pontos, passando de 29,7 para 38,3 no share geral de audi\u00eancia. A segunda colocada pontuou em 13,8.<br \/>\nSiga o Instagram @portaledvaldomagalhaes e comente<br \/>\nFoto: Giovana Bernardino<\/p>\n","protected":false},"excerpt":{"rendered":"<p>Nesta quarta-feira (12), a equipe da R\u00e1dio Liberdade se reuniu para comemorar o resultado da pesquisa do Instituto 6 Sigma&hellip;<\/p>\n","protected":false},"author":1,"featured_media":124681,"comment_status":"closed","ping_status":"open","sticky":false,"template":"","format":"standard","meta":{"footnotes":""},"categories":[14120],"tags":[13146,35273,34634],"class_list":["post-124680","post","type-post","status-publish","format-standard","has-post-thumbnail","hentry","category-noticias","tag-blog-edvaldo-magalhaes","tag-equipe-liberdade-comemora-1o-lugar-e-crescimento-de-audiencia-em-pesquisa","tag-portal-edvaldo-magalhaes"],"_links":{"self":[{"href":"https:\/\/blogdoedvaldomagalhaes.com.br\/index.php\/wp-json\/wp\/v2\/posts\/124680","targetHints":{"allow":["GET"]}}],"collection":[{"href":"https:\/\/blogdoedvaldomagalhaes.com.br\/index.php\/wp-json\/wp\/v2\/posts"}],"about":[{"href":"https:\/\/blogdoedvaldomagalhaes.com.br\/index.php\/wp-json\/wp\/v2\/types\/post"}],"author":[{"embeddable":true,"href":"https:\/\/blogdoedvaldomagalhaes.com.br\/index.php\/wp-json\/wp\/v2\/users\/1"}],"replies":[{"embeddable":true,"href":"https:\/\/blogdoedvaldomagalhaes.com.br\/index.php\/wp-json\/wp\/v2\/comments?post=124680"}],"version-history":[{"count":1,"href":"https:\/\/blogdoedvaldomagalhaes.com.br\/index.php\/wp-json\/wp\/v2\/posts\/124680\/revisions"}],"predecessor-version":[{"id":124682,"href":"https:\/\/blogdoedvaldomagalhaes.com.br\/index.php\/wp-json\/wp\/v2\/posts\/124680\/revisions\/124682"}],"wp:featuredmedia":[{"embeddable":true,"href":"https:\/\/blogdoedvaldomagalhaes.com.br\/index.php\/wp-json\/wp\/v2\/media\/124681"}],"wp:attachment":[{"href":"https:\/\/blogdoedvaldomagalhaes.com.br\/index.php\/wp-json\/wp\/v2\/media?parent=124680"}],"wp:term":[{"taxonomy":"category","embeddable":true,"href":"https:\/\/blogdoedvaldomagalhaes.com.br\/index.php\/wp-json\/wp\/v2\/categories?post=124680"},{"taxonomy":"post_tag","embeddable":true,"href":"https:\/\/blogdoedvaldomagalhaes.com.br\/index.php\/wp-json\/wp\/v2\/tags?post=124680"}],"curies":[{"name":"wp","href":"https:\/\/api.w.org\/{rel}","templated":true}]}}