{"id":124665,"date":"2025-11-12T21:15:43","date_gmt":"2025-11-13T00:15:43","guid":{"rendered":"https:\/\/blogdoedvaldomagalhaes.com.br\/?p=124665"},"modified":"2025-11-12T21:15:43","modified_gmt":"2025-11-13T00:15:43","slug":"feiras-livres-de-bairro-e-a-feira-de-frutas-e-verduras-do-parque-18-de-maio-serao-realizadas-no-feriado-de-sabado-15","status":"publish","type":"post","link":"https:\/\/blogdoedvaldomagalhaes.com.br\/index.php\/2025\/11\/12\/feiras-livres-de-bairro-e-a-feira-de-frutas-e-verduras-do-parque-18-de-maio-serao-realizadas-no-feriado-de-sabado-15\/","title":{"rendered":"Feiras livres de bairro e a feira de frutas e verduras do Parque 18 de Maio ser\u00e3o realizadas no feriado de s\u00e1bado (15)"},"content":{"rendered":"<p>A Secretaria de Servi\u00e7os P\u00fablicos (Sesp) e a Secretaria Executiva do Parque 18 de Maio informam que as feiras livres de bairro e a feira de frutas e verduras do Parque 18 de Maio ser\u00e3o realizadas normalmente no pr\u00f3ximo s\u00e1bado (15), feriado de Proclama\u00e7\u00e3o da Rep\u00fablica.<\/p>\n<p>A decis\u00e3o foi tomada ap\u00f3s di\u00e1logo com os feirantes, que optaram por manter o dia e hor\u00e1rio habituais de comercializa\u00e7\u00e3o. As feiras que funcionar\u00e3o neste s\u00e1bado s\u00e3o: Luiz Gonzaga, Cachoeira Seca, Cana\u00e3, Salgado, Boa Vista e Parque 18 de Maio.<br \/>\nSeja seguidor do Instagram @portaledvaldomagalhaes<br \/>\nFoto: Arquivo\/Secom\/PMC<\/p>\n","protected":false},"excerpt":{"rendered":"<p>A Secretaria de Servi\u00e7os P\u00fablicos (Sesp) e a Secretaria Executiva do Parque 18 de Maio informam que as feiras livres&hellip;<\/p>\n","protected":false},"author":1,"featured_media":63556,"comment_status":"closed","ping_status":"open","sticky":false,"template":"","format":"standard","meta":{"footnotes":""},"categories":[14120],"tags":[13146,35270,34634],"class_list":["post-124665","post","type-post","status-publish","format-standard","has-post-thumbnail","hentry","category-noticias","tag-blog-edvaldo-magalhaes","tag-feiras-livres-de-bairro-e-a-feira-de-frutas-e-verduras-do-parque-18-de-maio-serao-realizadas-no-feriado-de-sabado-15","tag-portal-edvaldo-magalhaes"],"_links":{"self":[{"href":"https:\/\/blogdoedvaldomagalhaes.com.br\/index.php\/wp-json\/wp\/v2\/posts\/124665","targetHints":{"allow":["GET"]}}],"collection":[{"href":"https:\/\/blogdoedvaldomagalhaes.com.br\/index.php\/wp-json\/wp\/v2\/posts"}],"about":[{"href":"https:\/\/blogdoedvaldomagalhaes.com.br\/index.php\/wp-json\/wp\/v2\/types\/post"}],"author":[{"embeddable":true,"href":"https:\/\/blogdoedvaldomagalhaes.com.br\/index.php\/wp-json\/wp\/v2\/users\/1"}],"replies":[{"embeddable":true,"href":"https:\/\/blogdoedvaldomagalhaes.com.br\/index.php\/wp-json\/wp\/v2\/comments?post=124665"}],"version-history":[{"count":1,"href":"https:\/\/blogdoedvaldomagalhaes.com.br\/index.php\/wp-json\/wp\/v2\/posts\/124665\/revisions"}],"predecessor-version":[{"id":124666,"href":"https:\/\/blogdoedvaldomagalhaes.com.br\/index.php\/wp-json\/wp\/v2\/posts\/124665\/revisions\/124666"}],"wp:featuredmedia":[{"embeddable":true,"href":"https:\/\/blogdoedvaldomagalhaes.com.br\/index.php\/wp-json\/wp\/v2\/media\/63556"}],"wp:attachment":[{"href":"https:\/\/blogdoedvaldomagalhaes.com.br\/index.php\/wp-json\/wp\/v2\/media?parent=124665"}],"wp:term":[{"taxonomy":"category","embeddable":true,"href":"https:\/\/blogdoedvaldomagalhaes.com.br\/index.php\/wp-json\/wp\/v2\/categories?post=124665"},{"taxonomy":"post_tag","embeddable":true,"href":"https:\/\/blogdoedvaldomagalhaes.com.br\/index.php\/wp-json\/wp\/v2\/tags?post=124665"}],"curies":[{"name":"wp","href":"https:\/\/api.w.org\/{rel}","templated":true}]}}