{"id":124645,"date":"2025-11-11T20:42:45","date_gmt":"2025-11-11T23:42:45","guid":{"rendered":"https:\/\/blogdoedvaldomagalhaes.com.br\/?p=124645"},"modified":"2025-11-11T20:42:45","modified_gmt":"2025-11-11T23:42:45","slug":"na-cop30-governadora-raquel-lyra-apresenta-acoes-do-governo-de-pernambuco-voltadas-a-transicao-energetica-e-ao-enfrentamento-das-mudancas-climaticas","status":"publish","type":"post","link":"https:\/\/blogdoedvaldomagalhaes.com.br\/index.php\/2025\/11\/11\/na-cop30-governadora-raquel-lyra-apresenta-acoes-do-governo-de-pernambuco-voltadas-a-transicao-energetica-e-ao-enfrentamento-das-mudancas-climaticas\/","title":{"rendered":"Na COP30, governadora Raquel Lyra apresenta a\u00e7\u00f5es do Governo de Pernambuco voltadas \u00e0 transi\u00e7\u00e3o energ\u00e9tica e ao enfrentamento das mudan\u00e7as clim\u00e1ticas"},"content":{"rendered":"<p>Com o dia repleto de agendas voltadas majoritariamente ao tema da transi\u00e7\u00e3o energ\u00e9tica, a governadora Raquel Lyra inaugurou, nesta ter\u00e7a-feira (11), a participa\u00e7\u00e3o de Pernambuco na COP30, em Bel\u00e9m do Par\u00e1. Durante passagem pelo encontro das Na\u00e7\u00f5es Unidas para discuss\u00e3o das mudan\u00e7as clim\u00e1ticas, a gestora apresentou os eixos estrat\u00e9gicos da gest\u00e3o estadual a respeito do tema, sobre os quais est\u00e3o ancoradas ao menos 90 iniciativas das mais diversas \u00e1reas do governo.<\/p>\n<p>\u201cA COP30 nos d\u00e1 a oportunidade de falar para o Brasil e o mundo sobre as solu\u00e7\u00f5es que Pernambuco tem desenvolvido para ajudar a combater as mudan\u00e7as clim\u00e1ticas. Mas t\u00e3o importante quanto isso \u00e9 garantir que a transi\u00e7\u00e3o energ\u00e9tica e o enfrentamento \u00e0s mudan\u00e7as clim\u00e1ticas estejam conectados \u00e0 gera\u00e7\u00e3o de oportunidades, pois de nada adianta falarmos de economia verde sem que isso esteja relacionado com a possibilidade de desenvolvimento do nosso ch\u00e3o. A justi\u00e7a social precisa estar presente em qualquer decis\u00e3o que fale sobre nova economia\u201d, declarou a governadora Raquel Lyra.<\/p>\n<p>A chefe do Executivo estadual iniciou o dia participando do painel \u201cOportunidades de Powershoring no Nordeste brasileiro: como acelerar investimentos sustent\u00e1veis e a cadeia industrial de baixo carbono\u201d. Na ocasi\u00e3o, Raquel detalhou como Pernambuco tem se colocado como protagonista regional da transi\u00e7\u00e3o energ\u00e9tica justa, consolidando o Porto de Suape como um hub de combust\u00edveis sustent\u00e1veis e investindo em a\u00e7\u00f5es como a distribui\u00e7\u00e3o de g\u00e1s natural no polo gesseiro do Araripe, antes inteiramente dependente da lenha da Caatinga.<\/p>\n<p>\u00c0 tarde, ap\u00f3s prestigiar a inaugura\u00e7\u00e3o do Espa\u00e7o Nordeste do Cons\u00f3rcio Nordeste no evento, a gestora participou do \u201cPainel de Alto N\u00edvel Sobre Solu\u00e7\u00f5es Verdes no Transporte Mar\u00edtimo Internacional\u201d ao lado da rainha da Dinamarca, Maria Donaldson, e de representantes da European Energy e AP Moller-Maersk. Neste encontro, a governadora reafirmou o compromisso do Estado com a transi\u00e7\u00e3o de combust\u00edveis no setor mar\u00edtimo e debateu o futuro dos portos sustent\u00e1veis.<\/p>\n<p>Ainda nesta ter\u00e7a-feira, Raquel Lyra formalizou um Acordo de Coopera\u00e7\u00e3o T\u00e9cnica entre o Estado e o Instituto Clima e Sociedade (iCs), organiza\u00e7\u00e3o filantr\u00f3pica que apoia o enfrentamento das mudan\u00e7as clim\u00e1ticas. A ideia da iniciativa \u00e9 a \u201cexecu\u00e7\u00e3o de a\u00e7\u00f5es de interesse rec\u00edproco nas \u00e1reas de desenvolvimento sustent\u00e1vel, transi\u00e7\u00e3o energ\u00e9tica justa, atra\u00e7\u00e3o de investimentos, diplomacia clim\u00e1tica e mobiliza\u00e7\u00e3o de recursos de filantropia para projetos priorit\u00e1rios do Governo de Pernambuco\u201d.<\/p>\n<p>*Pernambuco na COP30* &#8211; A participa\u00e7\u00e3o do Governo de Pernambuco na COP30 reflete uma vis\u00e3o estrat\u00e9gica da governadora Raquel Lyra que levou o Estado \u00e0 constru\u00e7\u00e3o de uma carteira de mais de 90 projetos locais que respondem diretamente aos desafios clim\u00e1ticos territoriais e globais. Essas iniciativas, que est\u00e3o ancoradas em cinco eixos (Financiamento clim\u00e1tico, Transi\u00e7\u00e3o energ\u00e9tica, Reflorestamento, Adapta\u00e7\u00e3o clim\u00e1tica e Economia circular), visam n\u00e3o apenas mitiga\u00e7\u00e3o e adapta\u00e7\u00f5es que afetam a vida da popula\u00e7\u00e3o no seu dia a dia, mas tamb\u00e9m englobam iniciativas econ\u00f4micas e de transi\u00e7\u00e3o energ\u00e9tica pioneiras, capazes de contribuir para as demandas globais da transi\u00e7\u00e3o ecol\u00f3gica.<br \/>\nSiga o Instagram @portaledvaldomagalhaes<br \/>\nFoto: Divulga\u00e7\u00e3o<\/p>\n","protected":false},"excerpt":{"rendered":"<p>Com o dia repleto de agendas voltadas majoritariamente ao tema da transi\u00e7\u00e3o energ\u00e9tica, a governadora Raquel Lyra inaugurou, nesta ter\u00e7a-feira&hellip;<\/p>\n","protected":false},"author":1,"featured_media":124646,"comment_status":"closed","ping_status":"open","sticky":false,"template":"","format":"standard","meta":{"footnotes":""},"categories":[14120],"tags":[13146,35263,35262,20,34634],"class_list":["post-124645","post","type-post","status-publish","format-standard","has-post-thumbnail","hentry","category-noticias","tag-blog-edvaldo-magalhaes","tag-governadora-raquel-lyra-apresenta-acoes-do-governo-de-pernambuco-voltadas-a-transicao-energetica-e-ao-enfrentamento-das-mudancas-climaticas","tag-na-cop30","tag-politica","tag-portal-edvaldo-magalhaes"],"_links":{"self":[{"href":"https:\/\/blogdoedvaldomagalhaes.com.br\/index.php\/wp-json\/wp\/v2\/posts\/124645","targetHints":{"allow":["GET"]}}],"collection":[{"href":"https:\/\/blogdoedvaldomagalhaes.com.br\/index.php\/wp-json\/wp\/v2\/posts"}],"about":[{"href":"https:\/\/blogdoedvaldomagalhaes.com.br\/index.php\/wp-json\/wp\/v2\/types\/post"}],"author":[{"embeddable":true,"href":"https:\/\/blogdoedvaldomagalhaes.com.br\/index.php\/wp-json\/wp\/v2\/users\/1"}],"replies":[{"embeddable":true,"href":"https:\/\/blogdoedvaldomagalhaes.com.br\/index.php\/wp-json\/wp\/v2\/comments?post=124645"}],"version-history":[{"count":1,"href":"https:\/\/blogdoedvaldomagalhaes.com.br\/index.php\/wp-json\/wp\/v2\/posts\/124645\/revisions"}],"predecessor-version":[{"id":124647,"href":"https:\/\/blogdoedvaldomagalhaes.com.br\/index.php\/wp-json\/wp\/v2\/posts\/124645\/revisions\/124647"}],"wp:featuredmedia":[{"embeddable":true,"href":"https:\/\/blogdoedvaldomagalhaes.com.br\/index.php\/wp-json\/wp\/v2\/media\/124646"}],"wp:attachment":[{"href":"https:\/\/blogdoedvaldomagalhaes.com.br\/index.php\/wp-json\/wp\/v2\/media?parent=124645"}],"wp:term":[{"taxonomy":"category","embeddable":true,"href":"https:\/\/blogdoedvaldomagalhaes.com.br\/index.php\/wp-json\/wp\/v2\/categories?post=124645"},{"taxonomy":"post_tag","embeddable":true,"href":"https:\/\/blogdoedvaldomagalhaes.com.br\/index.php\/wp-json\/wp\/v2\/tags?post=124645"}],"curies":[{"name":"wp","href":"https:\/\/api.w.org\/{rel}","templated":true}]}}