{"id":124628,"date":"2025-11-11T19:47:35","date_gmt":"2025-11-11T22:47:35","guid":{"rendered":"https:\/\/blogdoedvaldomagalhaes.com.br\/?p=124628"},"modified":"2025-11-11T20:47:26","modified_gmt":"2025-11-11T23:47:26","slug":"procon-caruaru-orienta-consumidores-sobre-cuidados-durante-as-promocoes-da-black-friday","status":"publish","type":"post","link":"https:\/\/blogdoedvaldomagalhaes.com.br\/index.php\/2025\/11\/11\/procon-caruaru-orienta-consumidores-sobre-cuidados-durante-as-promocoes-da-black-friday\/","title":{"rendered":"Procon Caruaru orienta consumidores sobre cuidados durante as promo\u00e7\u00f5es da Black Friday"},"content":{"rendered":"<p>Com as promo\u00e7\u00f5es da Black Friday j\u00e1 em andamento em v\u00e1rias lojas e o auge das ofertas previsto para o fim de novembro, o Procon Caruaru alerta os consumidores sobre os cuidados necess\u00e1rios para garantir compras seguras e evitar preju\u00edzos.<\/p>\n<p>O \u00f3rg\u00e3o orienta que o consumidor pesquise pre\u00e7os com anteced\u00eancia, compare valores e desconfie de descontos muito altos. Tamb\u00e9m \u00e9 importante guardar prints e comprovantes das ofertas e ficar atento \u00e0s pol\u00edticas de troca e devolu\u00e7\u00e3o. Nas compras online, o Procon recomenda priorizar sites confi\u00e1veis, verificar se o endere\u00e7o come\u00e7a com \u201chttps\u201d e evitar links recebidos por mensagens ou redes sociais.<\/p>\n<p>\u201c\u00c9 uma das datas mais aguardadas pelo consumidor, mas \u00e9 preciso cuidado com golpes virtuais e falsas promo\u00e7\u00f5es, conhecidas como maquiagem de pre\u00e7o. A pesquisa antecipada \u00e9 essencial para identificar descontos reais e garantir o cumprimento das ofertas\u201d, destacou Cynthia Nunes, gerente geral do Procon Caruaru.<\/p>\n<p>O \u00f3rg\u00e3o tamb\u00e9m alerta para o consumo consciente, orientando que o consumidor evite compras por impulso e avalie se o gasto cabe no or\u00e7amento, para n\u00e3o comprometer a sa\u00fade financeira.<\/p>\n<p>O C\u00f3digo de Defesa do Consumidor garante o direito de arrependimento em at\u00e9 sete dias ap\u00f3s o recebimento de produtos adquiridos pela internet ou fora do estabelecimento comercial.<\/p>\n<p>O Procon Caruaru atende pelos seguintes canais: WhatsApp (81) 9 8384-5909, telefone (81) 3101-0088, plataforma Caruaru Digital ou presencialmente na Rua Silvino Mac\u00eado, n\u00ba 71, Maur\u00edcio de Nassau, de segunda a sexta-feira, das 8h \u00e0s 14h.<br \/>\nSiga o Instagram @portaledvaldomagalhaes<br \/>\nFoto: Divulga\u00e7\u00e3o <\/p>\n","protected":false},"excerpt":{"rendered":"<p>Com as promo\u00e7\u00f5es da Black Friday j\u00e1 em andamento em v\u00e1rias lojas e o auge das ofertas previsto para o&hellip;<\/p>\n","protected":false},"author":1,"featured_media":124630,"comment_status":"closed","ping_status":"open","sticky":false,"template":"","format":"standard","meta":{"footnotes":""},"categories":[21063],"tags":[13146,34634,35258],"class_list":["post-124628","post","type-post","status-publish","format-standard","has-post-thumbnail","hentry","category-utilidade-publica","tag-blog-edvaldo-magalhaes","tag-portal-edvaldo-magalhaes","tag-procon-caruaru-orienta-consumidores-sobre-cuidados-durante-as-promocoes-da-black-friday"],"_links":{"self":[{"href":"https:\/\/blogdoedvaldomagalhaes.com.br\/index.php\/wp-json\/wp\/v2\/posts\/124628","targetHints":{"allow":["GET"]}}],"collection":[{"href":"https:\/\/blogdoedvaldomagalhaes.com.br\/index.php\/wp-json\/wp\/v2\/posts"}],"about":[{"href":"https:\/\/blogdoedvaldomagalhaes.com.br\/index.php\/wp-json\/wp\/v2\/types\/post"}],"author":[{"embeddable":true,"href":"https:\/\/blogdoedvaldomagalhaes.com.br\/index.php\/wp-json\/wp\/v2\/users\/1"}],"replies":[{"embeddable":true,"href":"https:\/\/blogdoedvaldomagalhaes.com.br\/index.php\/wp-json\/wp\/v2\/comments?post=124628"}],"version-history":[{"count":1,"href":"https:\/\/blogdoedvaldomagalhaes.com.br\/index.php\/wp-json\/wp\/v2\/posts\/124628\/revisions"}],"predecessor-version":[{"id":124629,"href":"https:\/\/blogdoedvaldomagalhaes.com.br\/index.php\/wp-json\/wp\/v2\/posts\/124628\/revisions\/124629"}],"wp:featuredmedia":[{"embeddable":true,"href":"https:\/\/blogdoedvaldomagalhaes.com.br\/index.php\/wp-json\/wp\/v2\/media\/124630"}],"wp:attachment":[{"href":"https:\/\/blogdoedvaldomagalhaes.com.br\/index.php\/wp-json\/wp\/v2\/media?parent=124628"}],"wp:term":[{"taxonomy":"category","embeddable":true,"href":"https:\/\/blogdoedvaldomagalhaes.com.br\/index.php\/wp-json\/wp\/v2\/categories?post=124628"},{"taxonomy":"post_tag","embeddable":true,"href":"https:\/\/blogdoedvaldomagalhaes.com.br\/index.php\/wp-json\/wp\/v2\/tags?post=124628"}],"curies":[{"name":"wp","href":"https:\/\/api.w.org\/{rel}","templated":true}]}}