{"id":124609,"date":"2025-11-10T23:10:35","date_gmt":"2025-11-11T02:10:35","guid":{"rendered":"https:\/\/blogdoedvaldomagalhaes.com.br\/?p=124609"},"modified":"2025-11-10T23:15:33","modified_gmt":"2025-11-11T02:15:33","slug":"governadora-raquel-lyra-comanda-formatura-de-423-novos-policiais-civis-que-fortalecerao-a-seguranca-publica-em-pernambuco","status":"publish","type":"post","link":"https:\/\/blogdoedvaldomagalhaes.com.br\/index.php\/2025\/11\/10\/governadora-raquel-lyra-comanda-formatura-de-423-novos-policiais-civis-que-fortalecerao-a-seguranca-publica-em-pernambuco\/","title":{"rendered":"Governadora Raquel Lyra comanda formatura de 423 novos policiais civis que fortalecer\u00e3o a seguran\u00e7a p\u00fablica em Pernambuco"},"content":{"rendered":"<p>Em mais um importante momento para a seguran\u00e7a p\u00fablica do Estado, a governadora Raquel Lyra comandou, nesta segunda-feira (10), a solenidade de formatura de 423 novos policiais civis. O novo efetivo, formado por delegados, agentes e escriv\u00e3es, come\u00e7ar\u00e1 a atuar ao longo desta semana, refor\u00e7ando a seguran\u00e7a e o trabalho de investiga\u00e7\u00e3o em todas as regi\u00f5es de Pernambuco. A cerim\u00f4nia foi realizada no Teatro Guararapes, em Olinda, na Regi\u00e3o Metropolitana do Recife, e reuniu autoridades e familiares dos formandos. Durante o evento, tamb\u00e9m foi realizada, de forma simb\u00f3lica, a mudan\u00e7a de comando da Pol\u00edcia Civil. A vice-governadora Priscila Krause participou da solenidade.<\/p>\n<p>\u201cAtrav\u00e9s do Juntos pela Seguran\u00e7a temos investido no fortalecimento das nossas for\u00e7as operacionais. Hoje \u00e9 dia de celebrar a formatura da Pol\u00edcia Civil do nosso Estado. S\u00e3o homens e mulheres dedicados que atuar\u00e3o em todas as regi\u00f5es de Pernambuco, com o objetivo de fortalecer o trabalho da pol\u00edcia judici\u00e1ria. Eles se somam a mais de 2.200 policiais militares que j\u00e1 est\u00e3o nas ruas, aos bombeiros militares, e integram o grande concurso p\u00fablico que realizamos, e que at\u00e9 abril do pr\u00f3ximo ano, ser\u00e3o nomeados mais de sete mil novos profissionais da seguran\u00e7a p\u00fablica em Pernambuco\u201d, destacou a governadora Raquel Lyra.<\/p>\n<p>Os 51 novos delegados, 231 agentes e 141 escriv\u00e3es conclu\u00edram o Curso de Forma\u00e7\u00e3o Profissional promovido pela Escola Superior de Pol\u00edcia Civil (ACADEPOL), iniciado em maio deste ano. O secret\u00e1rio de Defesa Social, Alessandro Carvalho, incentivou os servidores a pautarem sua atua\u00e7\u00e3o pelos princ\u00edpios \u00e9ticos e pelo respeito \u00e0 dignidade humana. \u201cEscrevam a hist\u00f3ria da vida de voc\u00eas na Pol\u00edcia Civil de Pernambuco com \u00e9tica, respeito aos direitos humanos e a certeza de que, ao colocarem a cabe\u00e7a no travesseiro, fizeram tudo que podiam da melhor forma poss\u00edvel\u201d, afirmou o titular da pasta. <\/p>\n<p>Assumindo como delegado-geral da Pol\u00edcia Civil de Pernambuco, Felipe Monteiro ressaltou a import\u00e2ncia da formatura. \u201c\u00c9 um dia de festa. Esses policiais chegam em um momento extremamente positivo, com redu\u00e7\u00e3o nos principais indicadores de criminalidade, o que \u00e9 bom tanto para eles quanto para Pernambuco\u201d, disse.<\/p>\n<p>Para Renato da Silva Queiroz, natural de Garanhuns, formando e primeiro colocado no curso de forma\u00e7\u00e3o para delegado, o momento \u00e9 de profunda gratid\u00e3o. \u201cHoje \u00e9 um dia de extrema felicidade, a realiza\u00e7\u00e3o de um sonho constru\u00eddo ao longo de anos de estudo. Estou imensamente feliz por ter sido aprovado no concurso para delegado do meu Estado e por poder servir \u00e0 popula\u00e7\u00e3o pernambucana\u201d, destacou.<\/p>\n<p>At\u00e9 2026, o programa Juntos pela Seguran\u00e7a prev\u00ea o ingresso de mais de 7 mil novos profissionais nas for\u00e7as de seguran\u00e7a, entre policiais militares, civis, cient\u00edficos e bombeiros militares, com investimento superior a R$ 1 bilh\u00e3o. <\/p>\n<p>Presente na cerim\u00f4nia, o deputado estadual Jo\u00e3o de Nadegi destacou a diminui\u00e7\u00e3o nos n\u00fameros de viol\u00eancia em Pernambuco. \u201dNossos \u00edndices de viol\u00eancia j\u00e1 v\u00eam diminuindo muito. Tenho certeza que o Estado vai ter mais profissionais preparados e equipados para poder combater junto conosco a viol\u00eancia\u201d, pontuou. J\u00e1 o deputado Joel da Harpa, parabenizou os novos formandos. \u201cConsidero este um dia de celebra\u00e7\u00e3o para os formandos, para seus familiares e tamb\u00e9m para toda a sociedade\u201d, disse. \u201cEsse \u00e9 um governo que tem investido em todas as \u00e1reas. Mas, principalmente, na seguran\u00e7a p\u00fablica\u201d, finalizou o deputado estadual Ant\u00f4nio Moraes<\/p>\n<p>*PASSAGEM DE CARGO* \u2013 Ainda durante a cerim\u00f4nia, foi realizada a passagem de comando da Pol\u00edcia Civil de Pernambuco. O delegado Renato Rocha se despediu do cargo, agradecendo pelo per\u00edodo \u00e0 frente da institui\u00e7\u00e3o. O comando da Pol\u00edcia Civil passa agora ao delegado Felipe Monteiro, que assume a miss\u00e3o de dar continuidade ao trabalho e refor\u00e7ar o compromisso com a seguran\u00e7a p\u00fablica do Estado.<\/p>\n<p>Acompanharam a solenidade os secret\u00e1rios estaduais Ana Mara\u00edza (Administra\u00e7\u00e3o), Daniel Coelho (Meio Ambiente, Sustentabilidade e Fernando de Noronha), Paulo Paes (Administra\u00e7\u00e3o Penitenci\u00e1ria e Ressocializa\u00e7\u00e3o) e o coronel Herc\u00edlio Mamede (chefe da Casa Militar); os comandantes da Pol\u00edcia Militar de Pernambuco (PMPE), coronel Ivanildo Torres; e do Corpo de Bombeiros Militar de Pernambuco (CBMPE), coronel Francisco Cantarelli; al\u00e9m da diretora do Fundo Nacional de Seguran\u00e7a P\u00fablica, Camila Pintarelli; e o vereador do Recife, Davi Muniz.<br \/>\nSiga o Instagram @portaledvaldomagalhaes<br \/>\nFoto: Yacy Ribeiro\/Secom<\/p>\n","protected":false},"excerpt":{"rendered":"<p>Em mais um importante momento para a seguran\u00e7a p\u00fablica do Estado, a governadora Raquel Lyra comandou, nesta segunda-feira (10), a&hellip;<\/p>\n","protected":false},"author":1,"featured_media":124611,"comment_status":"closed","ping_status":"open","sticky":false,"template":"","format":"standard","meta":{"footnotes":""},"categories":[14122],"tags":[13146,35252,20,34634],"class_list":["post-124609","post","type-post","status-publish","format-standard","has-post-thumbnail","hentry","category-politica","tag-blog-edvaldo-magalhaes","tag-governadora-raquel-lyra-comanda-formatura-de-423-novos-policiais-civis-que-fortalecerao-a-seguranca-publica-em-pernambuco","tag-politica","tag-portal-edvaldo-magalhaes"],"_links":{"self":[{"href":"https:\/\/blogdoedvaldomagalhaes.com.br\/index.php\/wp-json\/wp\/v2\/posts\/124609","targetHints":{"allow":["GET"]}}],"collection":[{"href":"https:\/\/blogdoedvaldomagalhaes.com.br\/index.php\/wp-json\/wp\/v2\/posts"}],"about":[{"href":"https:\/\/blogdoedvaldomagalhaes.com.br\/index.php\/wp-json\/wp\/v2\/types\/post"}],"author":[{"embeddable":true,"href":"https:\/\/blogdoedvaldomagalhaes.com.br\/index.php\/wp-json\/wp\/v2\/users\/1"}],"replies":[{"embeddable":true,"href":"https:\/\/blogdoedvaldomagalhaes.com.br\/index.php\/wp-json\/wp\/v2\/comments?post=124609"}],"version-history":[{"count":1,"href":"https:\/\/blogdoedvaldomagalhaes.com.br\/index.php\/wp-json\/wp\/v2\/posts\/124609\/revisions"}],"predecessor-version":[{"id":124610,"href":"https:\/\/blogdoedvaldomagalhaes.com.br\/index.php\/wp-json\/wp\/v2\/posts\/124609\/revisions\/124610"}],"wp:featuredmedia":[{"embeddable":true,"href":"https:\/\/blogdoedvaldomagalhaes.com.br\/index.php\/wp-json\/wp\/v2\/media\/124611"}],"wp:attachment":[{"href":"https:\/\/blogdoedvaldomagalhaes.com.br\/index.php\/wp-json\/wp\/v2\/media?parent=124609"}],"wp:term":[{"taxonomy":"category","embeddable":true,"href":"https:\/\/blogdoedvaldomagalhaes.com.br\/index.php\/wp-json\/wp\/v2\/categories?post=124609"},{"taxonomy":"post_tag","embeddable":true,"href":"https:\/\/blogdoedvaldomagalhaes.com.br\/index.php\/wp-json\/wp\/v2\/tags?post=124609"}],"curies":[{"name":"wp","href":"https:\/\/api.w.org\/{rel}","templated":true}]}}