{"id":124606,"date":"2025-11-10T19:46:48","date_gmt":"2025-11-10T22:46:48","guid":{"rendered":"https:\/\/blogdoedvaldomagalhaes.com.br\/?p=124606"},"modified":"2025-11-10T19:46:48","modified_gmt":"2025-11-10T22:46:48","slug":"em-belem-governadora-raquel-lyra-comanda-comitiva-pernambucana-na-cop-30-e-reforca-protagonismo-do-estado-sobre-pautas-climaticas","status":"publish","type":"post","link":"https:\/\/blogdoedvaldomagalhaes.com.br\/index.php\/2025\/11\/10\/em-belem-governadora-raquel-lyra-comanda-comitiva-pernambucana-na-cop-30-e-reforca-protagonismo-do-estado-sobre-pautas-climaticas\/","title":{"rendered":"Em Bel\u00e9m, governadora Raquel Lyra comanda comitiva pernambucana na COP-30 e refor\u00e7a protagonismo do Estado sobre pautas clim\u00e1ticas"},"content":{"rendered":"<p>A governadora Raquel Lyra inicia, nesta ter\u00e7a-feira (11), sua participa\u00e7\u00e3o na 30\u00aa Confer\u00eancia das Na\u00e7\u00f5es Unidas sobre Mudan\u00e7as Clim\u00e1ticas (COP-30), em Bel\u00e9m, no Par\u00e1. Liderando a comitiva pernambucana, a gestora cumpre uma s\u00e9rie de agendas voltadas \u00e0 transi\u00e7\u00e3o ecol\u00f3gica, \u00e0 atra\u00e7\u00e3o de investimentos sustent\u00e1veis e ao fortalecimento das parcerias internacionais. Ao longo do evento, a chefe do Executivo participar\u00e1 de encontros com lideran\u00e7as nacionais e internacionais e de reuni\u00f5es com empresas e institui\u00e7\u00f5es parceiras.<\/p>\n<p>\u201cA COP-30 \u00e9 uma oportunidade para reafirmar o protagonismo de Pernambuco nas pautas clim\u00e1ticas e mostrar que nosso Estado est\u00e1 comprometido em unir crescimento econ\u00f4mico, sustentabilidade e compromisso social. Chegamos a Bel\u00e9m para fortalecer rela\u00e7\u00f5es com o mundo e com o olhar voltado para a transi\u00e7\u00e3o energ\u00e9tica e a constru\u00e7\u00e3o de parcerias que tragam investimentos concretos para o povo pernambucano\u201d, afirmou a governadora Raquel Lyra.<\/p>\n<p>A agenda tem in\u00edcio com o painel \u201cPowershoring no Nordeste do Brasil: como acelerar investimentos sustent\u00e1veis e a cadeia industrial de baixo carbono\u201d, ao lado de governadores nordestinos e especialistas internacionais. Na sequ\u00eancia, a gestora participa da inaugura\u00e7\u00e3o do Espa\u00e7o do Cons\u00f3rcio Nordeste, que ser\u00e1 um dos pontos de articula\u00e7\u00e3o regional durante a COP.<\/p>\n<p>Ainda na ter\u00e7a, a chefe do Executivo estadual ser\u00e1 recebida pela Rainha da Dinamarca, Mary Donaldson. Ap\u00f3s o evento, a governadora tamb\u00e9m participa de encontros com empresas parceiras dinamarquesas, como a European Energy e a Maersk, refor\u00e7ando oportunidades de coopera\u00e7\u00e3o em energia limpa e descarboniza\u00e7\u00e3o do transporte mar\u00edtimo em Suape.<\/p>\n<p>Na quarta-feira (12), gestora ser\u00e1 a \u00fanica governante estadual brasileira a participar da 13\u00aa Reuni\u00e3o Anual de Alto N\u00edvel de Caring for Climate, onde se reunir\u00e1 com l\u00edderes globais e executivos de grandes empresas para discutir a\u00e7\u00e3o clim\u00e1tica, transi\u00e7\u00e3o energ\u00e9tica e investimentos sustent\u00e1veis com o objetivo de acelerar a\u00e7\u00f5es globais e integrar o setor privado nas metas nacionais.<\/p>\n<p>Acompanha a governadora Raquel Lyra a comitiva formada pelos secret\u00e1rios estaduais Jo\u00e3o Salles (Assessoria Especial \u00e0 Governadora e Rela\u00e7\u00f5es Internacionais), Daniel Coelho (Meio Ambiente, Sustentabilidade e Fernando de Noronha), Guilherme Cavalcanti (Desenvolvimento Econ\u00f4mico) e Rodolfo Costa Pinto (Comunica\u00e7\u00e3o); assim como o diretor-presidente do Complexo Industrial Portu\u00e1rio de Suape, Armando Monteiro Bisneto.<br \/>\nSiga o Instagram @portaledvaldomagalhaes<br \/>\nFoto: Arquimedes Santos<\/p>\n","protected":false},"excerpt":{"rendered":"<p>A governadora Raquel Lyra inicia, nesta ter\u00e7a-feira (11), sua participa\u00e7\u00e3o na 30\u00aa Confer\u00eancia das Na\u00e7\u00f5es Unidas sobre Mudan\u00e7as Clim\u00e1ticas (COP-30),&hellip;<\/p>\n","protected":false},"author":1,"featured_media":124607,"comment_status":"closed","ping_status":"open","sticky":false,"template":"","format":"standard","meta":{"footnotes":""},"categories":[14122],"tags":[13146,35250,35251,20,34634],"class_list":["post-124606","post","type-post","status-publish","format-standard","has-post-thumbnail","hentry","category-politica","tag-blog-edvaldo-magalhaes","tag-em-belem","tag-governadora-raquel-lyra-comanda-comitiva-pernambucana-na-cop-30-e-reforca-protagonismo-do-estado-sobre-pautas-climaticas","tag-politica","tag-portal-edvaldo-magalhaes"],"_links":{"self":[{"href":"https:\/\/blogdoedvaldomagalhaes.com.br\/index.php\/wp-json\/wp\/v2\/posts\/124606","targetHints":{"allow":["GET"]}}],"collection":[{"href":"https:\/\/blogdoedvaldomagalhaes.com.br\/index.php\/wp-json\/wp\/v2\/posts"}],"about":[{"href":"https:\/\/blogdoedvaldomagalhaes.com.br\/index.php\/wp-json\/wp\/v2\/types\/post"}],"author":[{"embeddable":true,"href":"https:\/\/blogdoedvaldomagalhaes.com.br\/index.php\/wp-json\/wp\/v2\/users\/1"}],"replies":[{"embeddable":true,"href":"https:\/\/blogdoedvaldomagalhaes.com.br\/index.php\/wp-json\/wp\/v2\/comments?post=124606"}],"version-history":[{"count":1,"href":"https:\/\/blogdoedvaldomagalhaes.com.br\/index.php\/wp-json\/wp\/v2\/posts\/124606\/revisions"}],"predecessor-version":[{"id":124608,"href":"https:\/\/blogdoedvaldomagalhaes.com.br\/index.php\/wp-json\/wp\/v2\/posts\/124606\/revisions\/124608"}],"wp:featuredmedia":[{"embeddable":true,"href":"https:\/\/blogdoedvaldomagalhaes.com.br\/index.php\/wp-json\/wp\/v2\/media\/124607"}],"wp:attachment":[{"href":"https:\/\/blogdoedvaldomagalhaes.com.br\/index.php\/wp-json\/wp\/v2\/media?parent=124606"}],"wp:term":[{"taxonomy":"category","embeddable":true,"href":"https:\/\/blogdoedvaldomagalhaes.com.br\/index.php\/wp-json\/wp\/v2\/categories?post=124606"},{"taxonomy":"post_tag","embeddable":true,"href":"https:\/\/blogdoedvaldomagalhaes.com.br\/index.php\/wp-json\/wp\/v2\/tags?post=124606"}],"curies":[{"name":"wp","href":"https:\/\/api.w.org\/{rel}","templated":true}]}}