{"id":124603,"date":"2025-11-10T19:40:06","date_gmt":"2025-11-10T22:40:06","guid":{"rendered":"https:\/\/blogdoedvaldomagalhaes.com.br\/?p=124603"},"modified":"2025-11-10T21:06:06","modified_gmt":"2025-11-11T00:06:06","slug":"vereadores-farao-fiscalizacao-no-antigo-comercio-futebol-clube-em-caruaru-nesta-terca","status":"publish","type":"post","link":"https:\/\/blogdoedvaldomagalhaes.com.br\/index.php\/2025\/11\/10\/vereadores-farao-fiscalizacao-no-antigo-comercio-futebol-clube-em-caruaru-nesta-terca\/","title":{"rendered":"Vereadores far\u00e3o fiscaliza\u00e7\u00e3o no antigo Com\u00e9rcio Futebol Clube em Caruaru nesta ter\u00e7a"},"content":{"rendered":"<p>Os vereadores Delegado Lessa, Gil Bobinho, Mery da Sa\u00fade e Silvio Nascimento realizar\u00e3o, nesta ter\u00e7a-feira (11.11), uma a\u00e7\u00e3o de fiscaliza\u00e7\u00e3o no espa\u00e7o onde funcionava o tradicional Com\u00e9rcio Futebol Clube, em Caruaru.<\/p>\n<p>O local, que foi demolido h\u00e1 alguns anos, segue abandonado e sem qualquer iniciativa p\u00fablica voltada \u00e0 sua reconstru\u00e7\u00e3o ou requalifica\u00e7\u00e3o. A visita tem como objetivo verificar a situa\u00e7\u00e3o atual da \u00e1rea e cobrar provid\u00eancias do poder p\u00fablico.<\/p>\n<p>Os parlamentares tamb\u00e9m v\u00e3o apurar informa\u00e7\u00f5es sobre o an\u00fancio feito anteriormente pelo Governo do Estado, que havia prometido a constru\u00e7\u00e3o da nova sede do BIESP (Batalh\u00e3o Integrado Especializado de Policiamento) no mesmo terreno, obra que at\u00e9 o momento n\u00e3o saiu do papel.<\/p>\n<p>A visita integra o cronograma de fiscaliza\u00e7\u00f5es conjuntas que os vereadores v\u00eam realizando em diferentes pontos da cidade, com foco em equipamentos p\u00fablicos que est\u00e3o abandonados ou sem utiliza\u00e7\u00e3o adequada.<br \/>\nSiga o Instagram @portaledvaldomagalhaes<br \/>\nFoto: Divulga\u00e7\u00e3o <\/p>\n","protected":false},"excerpt":{"rendered":"<p>Os vereadores Delegado Lessa, Gil Bobinho, Mery da Sa\u00fade e Silvio Nascimento realizar\u00e3o, nesta ter\u00e7a-feira (11.11), uma a\u00e7\u00e3o de fiscaliza\u00e7\u00e3o&hellip;<\/p>\n","protected":false},"author":1,"featured_media":124604,"comment_status":"closed","ping_status":"open","sticky":false,"template":"","format":"standard","meta":{"footnotes":""},"categories":[14122],"tags":[13146,34634,35249],"class_list":["post-124603","post","type-post","status-publish","format-standard","has-post-thumbnail","hentry","category-politica","tag-blog-edvaldo-magalhaes","tag-portal-edvaldo-magalhaes","tag-vereadores-farao-fiscalizacao-no-antigo-comercio-futebol-clube-em-caruaru-nesta-terca"],"_links":{"self":[{"href":"https:\/\/blogdoedvaldomagalhaes.com.br\/index.php\/wp-json\/wp\/v2\/posts\/124603","targetHints":{"allow":["GET"]}}],"collection":[{"href":"https:\/\/blogdoedvaldomagalhaes.com.br\/index.php\/wp-json\/wp\/v2\/posts"}],"about":[{"href":"https:\/\/blogdoedvaldomagalhaes.com.br\/index.php\/wp-json\/wp\/v2\/types\/post"}],"author":[{"embeddable":true,"href":"https:\/\/blogdoedvaldomagalhaes.com.br\/index.php\/wp-json\/wp\/v2\/users\/1"}],"replies":[{"embeddable":true,"href":"https:\/\/blogdoedvaldomagalhaes.com.br\/index.php\/wp-json\/wp\/v2\/comments?post=124603"}],"version-history":[{"count":1,"href":"https:\/\/blogdoedvaldomagalhaes.com.br\/index.php\/wp-json\/wp\/v2\/posts\/124603\/revisions"}],"predecessor-version":[{"id":124605,"href":"https:\/\/blogdoedvaldomagalhaes.com.br\/index.php\/wp-json\/wp\/v2\/posts\/124603\/revisions\/124605"}],"wp:featuredmedia":[{"embeddable":true,"href":"https:\/\/blogdoedvaldomagalhaes.com.br\/index.php\/wp-json\/wp\/v2\/media\/124604"}],"wp:attachment":[{"href":"https:\/\/blogdoedvaldomagalhaes.com.br\/index.php\/wp-json\/wp\/v2\/media?parent=124603"}],"wp:term":[{"taxonomy":"category","embeddable":true,"href":"https:\/\/blogdoedvaldomagalhaes.com.br\/index.php\/wp-json\/wp\/v2\/categories?post=124603"},{"taxonomy":"post_tag","embeddable":true,"href":"https:\/\/blogdoedvaldomagalhaes.com.br\/index.php\/wp-json\/wp\/v2\/tags?post=124603"}],"curies":[{"name":"wp","href":"https:\/\/api.w.org\/{rel}","templated":true}]}}