{"id":124600,"date":"2025-11-10T19:18:12","date_gmt":"2025-11-10T22:18:12","guid":{"rendered":"https:\/\/blogdoedvaldomagalhaes.com.br\/?p=124600"},"modified":"2025-11-10T19:18:12","modified_gmt":"2025-11-10T22:18:12","slug":"inscricoes-para-i-congresso-do-agreste-de-enfrentamento-a-violencia-de-genero-seguem-ate-o-sabado-15","status":"publish","type":"post","link":"https:\/\/blogdoedvaldomagalhaes.com.br\/index.php\/2025\/11\/10\/inscricoes-para-i-congresso-do-agreste-de-enfrentamento-a-violencia-de-genero-seguem-ate-o-sabado-15\/","title":{"rendered":"Inscri\u00e7\u00f5es para I Congresso do Agreste de Enfrentamento \u00e0 Viol\u00eancia de G\u00eanero seguem at\u00e9 o s\u00e1bado (15)"},"content":{"rendered":"<p>Est\u00e3o abertas, at\u00e9 o pr\u00f3ximo s\u00e1bado (15), as inscri\u00e7\u00f5es de trabalhos para o I Congresso do Agreste de Enfrentamento \u00e0 Viol\u00eancia de G\u00eanero. Com o tema  \u201cCuidado, autonomia e justi\u00e7a social para as mulheres e meninas\u201d, o evento acontecer\u00e1 no dia 25 de novembro, no WA Convention, localizado no Caruaru Shopping. As submiss\u00f5es podem ser realizadas por meio da plataforma Even3: https:\/\/www.even3.com.br\/i-congresso-do-agreste-de-enfrentamento-a-violencia-de-genero-642641\/.<\/p>\n<p>As inscri\u00e7\u00f5es s\u00e3o gratuitas e podem ser realizadas nas modalidades Resumo, Resumo Expandido e Relato de Caso, a partir de tr\u00eas Grupos de Trabalhos (GTs): Pol\u00edticas de cuidado, autonomia econ\u00f4mica e justi\u00e7a social; Acesso \u00e0 justi\u00e7a e fortalecimento da rede de prote\u00e7\u00e3o; e Educa\u00e7\u00e3o, cultura e preven\u00e7\u00e3o da viol\u00eancia contra meninas e mulheres. Cada autora poder\u00e1 submeter at\u00e9 tr\u00eas trabalhos, individualmente ou em coautoria, observando os crit\u00e9rios t\u00e9cnicos e estruturais previstos no edital.<\/p>\n<p>O congresso \u00e9 uma realiza\u00e7\u00e3o da Prefeitura de Caruaru, por meio da Secretaria da Mulher, organizado pela C\u00e2mara T\u00e9cnica de Enfrentamento \u00e0 Viol\u00eancia de G\u00eanero e pelo Conselho Municipal da Mulher, em parceria com institui\u00e7\u00f5es p\u00fablicas, universidades e organiza\u00e7\u00f5es da sociedade civil que atuam na promo\u00e7\u00e3o da igualdade e no fortalecimento das pol\u00edticas para as mulheres.<br \/>\nSeja seguidor do Instagram @portaledvaldomagalhaes<br \/>\nCard: Divulga\u00e7\u00e3o <\/p>\n","protected":false},"excerpt":{"rendered":"<p>Est\u00e3o abertas, at\u00e9 o pr\u00f3ximo s\u00e1bado (15), as inscri\u00e7\u00f5es de trabalhos para o I Congresso do Agreste de Enfrentamento \u00e0&hellip;<\/p>\n","protected":false},"author":1,"featured_media":124601,"comment_status":"closed","ping_status":"open","sticky":false,"template":"","format":"standard","meta":{"footnotes":""},"categories":[14120],"tags":[13146,35248,34634],"class_list":["post-124600","post","type-post","status-publish","format-standard","has-post-thumbnail","hentry","category-noticias","tag-blog-edvaldo-magalhaes","tag-inscricoes-para-i-congresso-do-agreste-de-enfrentamento-a-violencia-de-genero-seguem-ate-o-sabado-15","tag-portal-edvaldo-magalhaes"],"_links":{"self":[{"href":"https:\/\/blogdoedvaldomagalhaes.com.br\/index.php\/wp-json\/wp\/v2\/posts\/124600","targetHints":{"allow":["GET"]}}],"collection":[{"href":"https:\/\/blogdoedvaldomagalhaes.com.br\/index.php\/wp-json\/wp\/v2\/posts"}],"about":[{"href":"https:\/\/blogdoedvaldomagalhaes.com.br\/index.php\/wp-json\/wp\/v2\/types\/post"}],"author":[{"embeddable":true,"href":"https:\/\/blogdoedvaldomagalhaes.com.br\/index.php\/wp-json\/wp\/v2\/users\/1"}],"replies":[{"embeddable":true,"href":"https:\/\/blogdoedvaldomagalhaes.com.br\/index.php\/wp-json\/wp\/v2\/comments?post=124600"}],"version-history":[{"count":1,"href":"https:\/\/blogdoedvaldomagalhaes.com.br\/index.php\/wp-json\/wp\/v2\/posts\/124600\/revisions"}],"predecessor-version":[{"id":124602,"href":"https:\/\/blogdoedvaldomagalhaes.com.br\/index.php\/wp-json\/wp\/v2\/posts\/124600\/revisions\/124602"}],"wp:featuredmedia":[{"embeddable":true,"href":"https:\/\/blogdoedvaldomagalhaes.com.br\/index.php\/wp-json\/wp\/v2\/media\/124601"}],"wp:attachment":[{"href":"https:\/\/blogdoedvaldomagalhaes.com.br\/index.php\/wp-json\/wp\/v2\/media?parent=124600"}],"wp:term":[{"taxonomy":"category","embeddable":true,"href":"https:\/\/blogdoedvaldomagalhaes.com.br\/index.php\/wp-json\/wp\/v2\/categories?post=124600"},{"taxonomy":"post_tag","embeddable":true,"href":"https:\/\/blogdoedvaldomagalhaes.com.br\/index.php\/wp-json\/wp\/v2\/tags?post=124600"}],"curies":[{"name":"wp","href":"https:\/\/api.w.org\/{rel}","templated":true}]}}