{"id":124592,"date":"2025-11-10T19:04:07","date_gmt":"2025-11-10T22:04:07","guid":{"rendered":"https:\/\/blogdoedvaldomagalhaes.com.br\/?p=124592"},"modified":"2025-11-10T19:10:01","modified_gmt":"2025-11-10T22:10:01","slug":"caruaru-ganha-28-novos-onibus-no-transporte-publico","status":"publish","type":"post","link":"https:\/\/blogdoedvaldomagalhaes.com.br\/index.php\/2025\/11\/10\/caruaru-ganha-28-novos-onibus-no-transporte-publico\/","title":{"rendered":"Caruaru ganha 28 novos \u00f4nibus no transporte p\u00fablico"},"content":{"rendered":"<p>Nesta segunda-feira (10.11), Caruaru ganhou um grande refor\u00e7o no transporte p\u00fablico. Em cerim\u00f4nia capitaneada pela empresa Bandeira Mobilidade e com a presen\u00e7a do prefeito Rodrigo Pinheiro, o munic\u00edpio passa a contar com 28 novos \u00f4nibus.<\/p>\n<p>A chegada da nova frota representa um crescimento significativo para a modalidade urbana. \u00c9 um marco positivo para a popula\u00e7\u00e3o de Caruaru no objetivo de atender com mais qualidade, acessibilidade, conforto e seguran\u00e7a os usu\u00e1rios do transporte p\u00fablico da cidade.<\/p>\n<p><img loading=\"lazy\" decoding=\"async\" src=\"https:\/\/blogdoedvaldomagalhaes.com.br\/wp-content\/uploads\/2025\/11\/img-20251110-wa01717283602719502701759.jpg\" class=\"wp-image-124595 alignnone size-full\" width=\"1600\" height=\"1066\" srcset=\"https:\/\/blogdoedvaldomagalhaes.com.br\/wp-content\/uploads\/2025\/11\/img-20251110-wa01717283602719502701759.jpg 1600w, https:\/\/blogdoedvaldomagalhaes.com.br\/wp-content\/uploads\/2025\/11\/img-20251110-wa01717283602719502701759-300x200.jpg 300w, https:\/\/blogdoedvaldomagalhaes.com.br\/wp-content\/uploads\/2025\/11\/img-20251110-wa01717283602719502701759-1024x682.jpg 1024w, https:\/\/blogdoedvaldomagalhaes.com.br\/wp-content\/uploads\/2025\/11\/img-20251110-wa01717283602719502701759-768x512.jpg 768w, https:\/\/blogdoedvaldomagalhaes.com.br\/wp-content\/uploads\/2025\/11\/img-20251110-wa01717283602719502701759-1536x1023.jpg 1536w\" sizes=\"auto, (max-width: 1600px) 100vw, 1600px\" \/><\/p>\n<p>Rodrigo Pinheiro destacou a import\u00e2ncia da parceria com as empresas de \u00f4nibus que operam no munic\u00edpio: &#8220;Estamos muito felizes com esta nova frota de 28 \u00f4nibus da Bandeira. Caruaru segue voltado para o desenvolvimento econ\u00f4mico com mobilidade e qualidade no servi\u00e7o de transporte p\u00fablico que \u00e9 um dos principais impactos positivos deste cen\u00e1rio. Atender bem a popula\u00e7\u00e3o de Caruaru \u00e9 prioridade para n\u00f3s&#8221;, afirmou o prefeito de Caruaru.<\/p>\n<p>&#8220;Uma das nossas primeiras a\u00e7\u00f5es foi estudar Caruaru, entender como funciona a gest\u00e3o do prefeito Rodrigo e foi onde vimos que um dos pilares da gest\u00e3o \u00e9 a mobilidade. Eu queria parabenizar porque n\u00e3o \u00e9 todo gestor p\u00fablico que enxerga a mobilidade como pilar da sua gest\u00e3o&#8221;, elogiou um dos diretores da empresa, Paulo Bandeira.<\/p>\n<p><img loading=\"lazy\" decoding=\"async\" src=\"https:\/\/blogdoedvaldomagalhaes.com.br\/wp-content\/uploads\/2025\/11\/img-20251110-wa01746611204769482257152.jpg\" class=\"wp-image-124596 alignnone size-full\" width=\"1600\" height=\"1066\" srcset=\"https:\/\/blogdoedvaldomagalhaes.com.br\/wp-content\/uploads\/2025\/11\/img-20251110-wa01746611204769482257152.jpg 1600w, https:\/\/blogdoedvaldomagalhaes.com.br\/wp-content\/uploads\/2025\/11\/img-20251110-wa01746611204769482257152-300x200.jpg 300w, https:\/\/blogdoedvaldomagalhaes.com.br\/wp-content\/uploads\/2025\/11\/img-20251110-wa01746611204769482257152-1024x682.jpg 1024w, https:\/\/blogdoedvaldomagalhaes.com.br\/wp-content\/uploads\/2025\/11\/img-20251110-wa01746611204769482257152-768x512.jpg 768w, https:\/\/blogdoedvaldomagalhaes.com.br\/wp-content\/uploads\/2025\/11\/img-20251110-wa01746611204769482257152-1536x1023.jpg 1536w\" sizes=\"auto, (max-width: 1600px) 100vw, 1600px\" \/><\/p>\n<p>A dona de casa Maria do Socorro falou com alegria sobre a renova\u00e7\u00e3o da frota de \u00f4nibus em Caruaru: &#8220;A gente est\u00e1 muito feliz porque agora vamos ter esses \u00f4nibus novos. Os outros viviam quebrando e isso atrapalhava muita gente. O prefeito Rodrigo Pinheiro est\u00e1 de parab\u00e9ns por pensar sempre no melhor para Caruaru&#8221;.<br \/>\nSiga o Instagram @portaledvaldomagalhaes<br \/>\nFotos: Rafael Moreira\/Secom PMC<\/p>\n","protected":false},"excerpt":{"rendered":"<p>Nesta segunda-feira (10.11), Caruaru ganhou um grande refor\u00e7o no transporte p\u00fablico. Em cerim\u00f4nia capitaneada pela empresa Bandeira Mobilidade e com&hellip;<\/p>\n","protected":false},"author":1,"featured_media":124593,"comment_status":"closed","ping_status":"open","sticky":false,"template":"","format":"standard","meta":{"footnotes":""},"categories":[14120],"tags":[35247,13146,35246,34634],"class_list":["post-124592","post","type-post","status-publish","format-standard","has-post-thumbnail","hentry","category-noticias","tag-bandeira-mobilidade","tag-blog-edvaldo-magalhaes","tag-caruaru-ganha-28-novos-onibus-no-transporte-publico","tag-portal-edvaldo-magalhaes"],"_links":{"self":[{"href":"https:\/\/blogdoedvaldomagalhaes.com.br\/index.php\/wp-json\/wp\/v2\/posts\/124592","targetHints":{"allow":["GET"]}}],"collection":[{"href":"https:\/\/blogdoedvaldomagalhaes.com.br\/index.php\/wp-json\/wp\/v2\/posts"}],"about":[{"href":"https:\/\/blogdoedvaldomagalhaes.com.br\/index.php\/wp-json\/wp\/v2\/types\/post"}],"author":[{"embeddable":true,"href":"https:\/\/blogdoedvaldomagalhaes.com.br\/index.php\/wp-json\/wp\/v2\/users\/1"}],"replies":[{"embeddable":true,"href":"https:\/\/blogdoedvaldomagalhaes.com.br\/index.php\/wp-json\/wp\/v2\/comments?post=124592"}],"version-history":[{"count":2,"href":"https:\/\/blogdoedvaldomagalhaes.com.br\/index.php\/wp-json\/wp\/v2\/posts\/124592\/revisions"}],"predecessor-version":[{"id":124597,"href":"https:\/\/blogdoedvaldomagalhaes.com.br\/index.php\/wp-json\/wp\/v2\/posts\/124592\/revisions\/124597"}],"wp:featuredmedia":[{"embeddable":true,"href":"https:\/\/blogdoedvaldomagalhaes.com.br\/index.php\/wp-json\/wp\/v2\/media\/124593"}],"wp:attachment":[{"href":"https:\/\/blogdoedvaldomagalhaes.com.br\/index.php\/wp-json\/wp\/v2\/media?parent=124592"}],"wp:term":[{"taxonomy":"category","embeddable":true,"href":"https:\/\/blogdoedvaldomagalhaes.com.br\/index.php\/wp-json\/wp\/v2\/categories?post=124592"},{"taxonomy":"post_tag","embeddable":true,"href":"https:\/\/blogdoedvaldomagalhaes.com.br\/index.php\/wp-json\/wp\/v2\/tags?post=124592"}],"curies":[{"name":"wp","href":"https:\/\/api.w.org\/{rel}","templated":true}]}}