{"id":124588,"date":"2025-11-10T18:48:57","date_gmt":"2025-11-10T21:48:57","guid":{"rendered":"https:\/\/blogdoedvaldomagalhaes.com.br\/?p=124588"},"modified":"2025-11-10T19:13:07","modified_gmt":"2025-11-10T22:13:07","slug":"radio-liberdade-consolida-lideranca-e-amplia-audiencia-em-caruaru","status":"publish","type":"post","link":"https:\/\/blogdoedvaldomagalhaes.com.br\/index.php\/2025\/11\/10\/radio-liberdade-consolida-lideranca-e-amplia-audiencia-em-caruaru\/","title":{"rendered":"R\u00e1dio Liberdade consolida lideran\u00e7a e amplia audi\u00eancia em Caruaru"},"content":{"rendered":"<p>No ano em que completa 60 anos, a R\u00e1dio Liberdade celebra mais uma conquista marcante: a manuten\u00e7\u00e3o da lideran\u00e7a absoluta de audi\u00eancia em Caruaru. De acordo com a mais recente pesquisa do Grupo 6Sigma, realizada entre os dias 1\u00ba e 7 de outubro de 2025, a emissora alcan\u00e7ou 38,3% de share geral, enquanto a segunda colocada obteve 13,8%.<\/p>\n<p>Os n\u00fameros refor\u00e7am a for\u00e7a da marca Liberdade e mostram um crescimento expressivo em rela\u00e7\u00e3o \u00e0 pesquisa realizada no ano anterior. A emissora registrou um avan\u00e7o equivalente a 28,1% no share geral, saltando de 29,9% para 38,3%, al\u00e9m de um aumento de 65,1% no n\u00famero de ouvintes. Outro dado que confirma o sucesso da programa\u00e7\u00e3o \u00e9 o tempo m\u00e9dio de perman\u00eancia dos ouvintes: quem sintoniza na R\u00e1dio Liberdade passa, em m\u00e9dia, 5 horas e 44 minutos por dia, acompanhando sua programa\u00e7\u00e3o. A emissora mant\u00e9m a lideran\u00e7a em todos os hor\u00e1rios, consolidando-se como a preferida do p\u00fablico caruaruense.<\/p>\n<p><img loading=\"lazy\" decoding=\"async\" src=\"https:\/\/blogdoedvaldomagalhaes.com.br\/wp-content\/uploads\/2025\/11\/blog-24826686478962135022.jpg\" class=\"wp-image-124598 alignnone size-full\" width=\"1024\" height=\"683\" srcset=\"https:\/\/blogdoedvaldomagalhaes.com.br\/wp-content\/uploads\/2025\/11\/blog-24826686478962135022.jpg 1024w, https:\/\/blogdoedvaldomagalhaes.com.br\/wp-content\/uploads\/2025\/11\/blog-24826686478962135022-300x200.jpg 300w, https:\/\/blogdoedvaldomagalhaes.com.br\/wp-content\/uploads\/2025\/11\/blog-24826686478962135022-768x512.jpg 768w\" sizes=\"auto, (max-width: 1024px) 100vw, 1024px\" \/><\/p>\n<p>A pesquisa foi contratada em parceria com emissoras de r\u00e1dio de Caruaru e realizada pelo Grupo 6Sigma, instituto credenciado pela ABEP (Associa\u00e7\u00e3o Brasileira de Empresas de Pesquisa), CENP (F\u00f3rum da Autorregula\u00e7\u00e3o do Mercado Publicit\u00e1rio) e ABAP (Associa\u00e7\u00e3o Brasileira de Ag\u00eancias de Publicidade).<\/p>\n<p>Com seis d\u00e9cadas de hist\u00f3ria, a R\u00e1dio Liberdade reafirma seu compromisso com a informa\u00e7\u00e3o, o entretenimento e a credibilidade que conquistaram gera\u00e7\u00f5es de ouvintes.<br \/>\nSeja seguidor do Instagram @portaledvaldomagalhaes<br \/>\nFotos: Divulga\u00e7\u00e3o<\/p>\n","protected":false},"excerpt":{"rendered":"<p>No ano em que completa 60 anos, a R\u00e1dio Liberdade celebra mais uma conquista marcante: a manuten\u00e7\u00e3o da lideran\u00e7a absoluta&hellip;<\/p>\n","protected":false},"author":1,"featured_media":124590,"comment_status":"closed","ping_status":"open","sticky":false,"template":"","format":"standard","meta":{"footnotes":""},"categories":[14120],"tags":[13146,35243,5056,34634,35242,1924,35244],"class_list":["post-124588","post","type-post","status-publish","format-standard","has-post-thumbnail","hentry","category-noticias","tag-blog-edvaldo-magalhaes","tag-claudiana-silva","tag-liberdade","tag-portal-edvaldo-magalhaes","tag-radio-liberdade-consolida-lideranca-e-amplia-audiencia-em-caruaru","tag-tonynho-rodrigues","tag-wagner-feitosa"],"_links":{"self":[{"href":"https:\/\/blogdoedvaldomagalhaes.com.br\/index.php\/wp-json\/wp\/v2\/posts\/124588","targetHints":{"allow":["GET"]}}],"collection":[{"href":"https:\/\/blogdoedvaldomagalhaes.com.br\/index.php\/wp-json\/wp\/v2\/posts"}],"about":[{"href":"https:\/\/blogdoedvaldomagalhaes.com.br\/index.php\/wp-json\/wp\/v2\/types\/post"}],"author":[{"embeddable":true,"href":"https:\/\/blogdoedvaldomagalhaes.com.br\/index.php\/wp-json\/wp\/v2\/users\/1"}],"replies":[{"embeddable":true,"href":"https:\/\/blogdoedvaldomagalhaes.com.br\/index.php\/wp-json\/wp\/v2\/comments?post=124588"}],"version-history":[{"count":2,"href":"https:\/\/blogdoedvaldomagalhaes.com.br\/index.php\/wp-json\/wp\/v2\/posts\/124588\/revisions"}],"predecessor-version":[{"id":124599,"href":"https:\/\/blogdoedvaldomagalhaes.com.br\/index.php\/wp-json\/wp\/v2\/posts\/124588\/revisions\/124599"}],"wp:featuredmedia":[{"embeddable":true,"href":"https:\/\/blogdoedvaldomagalhaes.com.br\/index.php\/wp-json\/wp\/v2\/media\/124590"}],"wp:attachment":[{"href":"https:\/\/blogdoedvaldomagalhaes.com.br\/index.php\/wp-json\/wp\/v2\/media?parent=124588"}],"wp:term":[{"taxonomy":"category","embeddable":true,"href":"https:\/\/blogdoedvaldomagalhaes.com.br\/index.php\/wp-json\/wp\/v2\/categories?post=124588"},{"taxonomy":"post_tag","embeddable":true,"href":"https:\/\/blogdoedvaldomagalhaes.com.br\/index.php\/wp-json\/wp\/v2\/tags?post=124588"}],"curies":[{"name":"wp","href":"https:\/\/api.w.org\/{rel}","templated":true}]}}