{"id":124583,"date":"2025-11-10T18:29:51","date_gmt":"2025-11-10T21:29:51","guid":{"rendered":"https:\/\/blogdoedvaldomagalhaes.com.br\/?p=124583"},"modified":"2025-11-10T19:14:40","modified_gmt":"2025-11-10T22:14:40","slug":"homem-morre-e-passageiro-fica-ferido-apos-carro-colidir-na-traseira-de-moto","status":"publish","type":"post","link":"https:\/\/blogdoedvaldomagalhaes.com.br\/index.php\/2025\/11\/10\/homem-morre-e-passageiro-fica-ferido-apos-carro-colidir-na-traseira-de-moto\/","title":{"rendered":"Homem morre e passageiro fica ferido ap\u00f3s carro colidir na traseira de moto"},"content":{"rendered":"<p>Por volta das 18h50, desse domingo (09.11), a PRF foi acionada para atender um sinistro de tr\u00e2nsito no Km 21 da BR 101 em Goiana. Foi uma colis\u00e3o de um carro na parte de tr\u00e1s de uma motocicleta. A suspeita \u00e9 de que a moto mudou de faixa para acessar um retorno, quando ocorreu a colis\u00e3o.<\/p>\n<p><img loading=\"lazy\" decoding=\"async\" src=\"https:\/\/blogdoedvaldomagalhaes.com.br\/wp-content\/uploads\/2025\/11\/img-20251110-wa00486940447546316265071.jpg\" class=\"wp-image-124586 alignnone size-full\" width=\"1600\" height=\"1200\" srcset=\"https:\/\/blogdoedvaldomagalhaes.com.br\/wp-content\/uploads\/2025\/11\/img-20251110-wa00486940447546316265071.jpg 1600w, https:\/\/blogdoedvaldomagalhaes.com.br\/wp-content\/uploads\/2025\/11\/img-20251110-wa00486940447546316265071-300x225.jpg 300w, https:\/\/blogdoedvaldomagalhaes.com.br\/wp-content\/uploads\/2025\/11\/img-20251110-wa00486940447546316265071-1024x768.jpg 1024w, https:\/\/blogdoedvaldomagalhaes.com.br\/wp-content\/uploads\/2025\/11\/img-20251110-wa00486940447546316265071-768x576.jpg 768w, https:\/\/blogdoedvaldomagalhaes.com.br\/wp-content\/uploads\/2025\/11\/img-20251110-wa00486940447546316265071-1536x1152.jpg 1536w, https:\/\/blogdoedvaldomagalhaes.com.br\/wp-content\/uploads\/2025\/11\/img-20251110-wa00486940447546316265071-160x120.jpg 160w\" sizes=\"auto, (max-width: 1600px) 100vw, 1600px\" \/><\/p>\n<p>O condutor da moto faleceu no local. O passageiro da moto ficou ferido e foi encaminhado para uma unidade de sa\u00fade. O motorista do carro n\u00e3o se feriu. Ele realizou o teste do baf\u00f4metro e o resultado foi normal. IC e IML tamb\u00e9m estiveram no local. A Pol\u00edcia Civil vai investigar o caso.<br \/>\nSiga o Instagram @portaledvaldomagalhaes<br \/>\nFotos: Divulga\u00e7\u00e3o\/PRF<\/p>\n","protected":false},"excerpt":{"rendered":"<p>Por volta das 18h50, desse domingo (09.11), a PRF foi acionada para atender um sinistro de tr\u00e2nsito no Km 21&hellip;<\/p>\n","protected":false},"author":1,"featured_media":124584,"comment_status":"closed","ping_status":"open","sticky":false,"template":"","format":"standard","meta":{"footnotes":""},"categories":[14121],"tags":[14276,13146,35241,34634,35006],"class_list":["post-124583","post","type-post","status-publish","format-standard","has-post-thumbnail","hentry","category-policial","tag-acidente","tag-blog-edvaldo-magalhaes","tag-homem-morre-e-passageiro-fica-ferido-apos-carro-colidir-na-traseira-de-moto","tag-portal-edvaldo-magalhaes","tag-sinistro-de-transito"],"_links":{"self":[{"href":"https:\/\/blogdoedvaldomagalhaes.com.br\/index.php\/wp-json\/wp\/v2\/posts\/124583","targetHints":{"allow":["GET"]}}],"collection":[{"href":"https:\/\/blogdoedvaldomagalhaes.com.br\/index.php\/wp-json\/wp\/v2\/posts"}],"about":[{"href":"https:\/\/blogdoedvaldomagalhaes.com.br\/index.php\/wp-json\/wp\/v2\/types\/post"}],"author":[{"embeddable":true,"href":"https:\/\/blogdoedvaldomagalhaes.com.br\/index.php\/wp-json\/wp\/v2\/users\/1"}],"replies":[{"embeddable":true,"href":"https:\/\/blogdoedvaldomagalhaes.com.br\/index.php\/wp-json\/wp\/v2\/comments?post=124583"}],"version-history":[{"count":2,"href":"https:\/\/blogdoedvaldomagalhaes.com.br\/index.php\/wp-json\/wp\/v2\/posts\/124583\/revisions"}],"predecessor-version":[{"id":124587,"href":"https:\/\/blogdoedvaldomagalhaes.com.br\/index.php\/wp-json\/wp\/v2\/posts\/124583\/revisions\/124587"}],"wp:featuredmedia":[{"embeddable":true,"href":"https:\/\/blogdoedvaldomagalhaes.com.br\/index.php\/wp-json\/wp\/v2\/media\/124584"}],"wp:attachment":[{"href":"https:\/\/blogdoedvaldomagalhaes.com.br\/index.php\/wp-json\/wp\/v2\/media?parent=124583"}],"wp:term":[{"taxonomy":"category","embeddable":true,"href":"https:\/\/blogdoedvaldomagalhaes.com.br\/index.php\/wp-json\/wp\/v2\/categories?post=124583"},{"taxonomy":"post_tag","embeddable":true,"href":"https:\/\/blogdoedvaldomagalhaes.com.br\/index.php\/wp-json\/wp\/v2\/tags?post=124583"}],"curies":[{"name":"wp","href":"https:\/\/api.w.org\/{rel}","templated":true}]}}