{"id":124576,"date":"2025-11-10T17:37:06","date_gmt":"2025-11-10T20:37:06","guid":{"rendered":"https:\/\/blogdoedvaldomagalhaes.com.br\/?p=124576"},"modified":"2025-11-10T17:37:06","modified_gmt":"2025-11-10T20:37:06","slug":"sesi-pe-leva-o-projeto-saude-no-parque-a-caruaru-com-acoes-gratuitas-de-promocao-do-bem-estar","status":"publish","type":"post","link":"https:\/\/blogdoedvaldomagalhaes.com.br\/index.php\/2025\/11\/10\/sesi-pe-leva-o-projeto-saude-no-parque-a-caruaru-com-acoes-gratuitas-de-promocao-do-bem-estar\/","title":{"rendered":"SESI-PE leva o projeto \u201cSa\u00fade no Parque\u201d a Caruaru com a\u00e7\u00f5es gratuitas de promo\u00e7\u00e3o do bem-estar"},"content":{"rendered":"<p>Neste s\u00e1bado dia 15 de novembro, o Servi\u00e7o Social da Ind\u00fastria (SESI-PE) realiza, em Caruaru, o projeto \u201cSESI Sa\u00fade no Parque\u201d, iniciativa que une arte, ci\u00eancia e cidadania para incentivar o autocuidado e a ado\u00e7\u00e3o de h\u00e1bitos saud\u00e1veis de forma leve, acess\u00edvel e inclusiva. Gratuita e aberta ao p\u00fablico, a a\u00e7\u00e3o ser\u00e1 realizada das 15h \u00e0s 19h no P\u00e1tio da Esta\u00e7\u00e3o Ferrovi\u00e1ria, em um dia voltado ao bem-estar, \u00e0 atividade f\u00edsica e \u00e0 informa\u00e7\u00e3o em sa\u00fade.<\/p>\n<p>O \u201cSESI Sa\u00fade no Parque\u201d tem como objetivo promover o letramento em sa\u00fade, estimular h\u00e1bitos saud\u00e1veis e criar espa\u00e7os de escuta e sensibiliza\u00e7\u00e3o sobre bem-estar por meio de a\u00e7\u00f5es culturais e educativas. Al\u00e9m disso, o projeto contribui diretamente para os Objetivos de Desenvolvimento Sustent\u00e1vel (ODS) da ONU, especialmente o ODS 3 (Sa\u00fade e Bem-Estar) e o ODS 11 (Cidades e Comunidades Sustent\u00e1veis).<\/p>\n<p>A estrutura do evento contempla dois momentos principais: uma palestra musical, que une conhecimento e express\u00e3o art\u00edstica para despertar reflex\u00f5es sobre o autocuidado, e uma Feira de Sa\u00fade Interativa, composta por diferentes esta\u00e7\u00f5es tem\u00e1ticas que oferecem avalia\u00e7\u00f5es cl\u00ednicas, f\u00edsicas e funcionais, al\u00e9m de orienta\u00e7\u00f5es personalizadas sobre sa\u00fade e estilo de vida. Durante o momento, o p\u00fablico poder\u00e1 aferir press\u00e3o arterial e glicemia, realizar medi\u00e7\u00f5es corporais e testes f\u00edsicos, receber devolutivas sobre seus resultados e elaborar um plano inicial de autocuidado.<\/p>\n<p>Para Fernanda Guerra, diretora de Sa\u00fade e Seguran\u00e7a na Ind\u00fastria do SESI-PE, o projeto representa uma nova forma de aproximar as pessoas do cuidado com a pr\u00f3pria sa\u00fade. \u201cA miss\u00e3o do SESI \u00e9 cuidar de gente e nosso prop\u00f3sito \u00e9 tornar o cuidado com a sa\u00fade algo acess\u00edvel, prazeroso e participativo. O SESI Sa\u00fade no Parque cria um espa\u00e7o de aprendizado e reflex\u00e3o, mas tamb\u00e9m de acolhimento e movimento. Queremos que as pessoas saiam inspiradas a adotar pequenas mudan\u00e7as que geram grandes impactos em sua qualidade de vida\u201d, destaca a gestora.<br \/>\nSeja seguidor do Instagram @portaledvaldomagalhaes<br \/>\nCard: Divulga\u00e7\u00e3o <\/p>\n","protected":false},"excerpt":{"rendered":"<p>Neste s\u00e1bado dia 15 de novembro, o Servi\u00e7o Social da Ind\u00fastria (SESI-PE) realiza, em Caruaru, o projeto \u201cSESI Sa\u00fade no&hellip;<\/p>\n","protected":false},"author":1,"featured_media":124578,"comment_status":"closed","ping_status":"open","sticky":false,"template":"","format":"standard","meta":{"footnotes":""},"categories":[14120],"tags":[13146,34634,35239],"class_list":["post-124576","post","type-post","status-publish","format-standard","has-post-thumbnail","hentry","category-noticias","tag-blog-edvaldo-magalhaes","tag-portal-edvaldo-magalhaes","tag-sesi-pe-leva-o-projeto-saude-no-parque-a-caruaru-com-acoes-gratuitas-de-promocao-do-bem-estar"],"_links":{"self":[{"href":"https:\/\/blogdoedvaldomagalhaes.com.br\/index.php\/wp-json\/wp\/v2\/posts\/124576","targetHints":{"allow":["GET"]}}],"collection":[{"href":"https:\/\/blogdoedvaldomagalhaes.com.br\/index.php\/wp-json\/wp\/v2\/posts"}],"about":[{"href":"https:\/\/blogdoedvaldomagalhaes.com.br\/index.php\/wp-json\/wp\/v2\/types\/post"}],"author":[{"embeddable":true,"href":"https:\/\/blogdoedvaldomagalhaes.com.br\/index.php\/wp-json\/wp\/v2\/users\/1"}],"replies":[{"embeddable":true,"href":"https:\/\/blogdoedvaldomagalhaes.com.br\/index.php\/wp-json\/wp\/v2\/comments?post=124576"}],"version-history":[{"count":1,"href":"https:\/\/blogdoedvaldomagalhaes.com.br\/index.php\/wp-json\/wp\/v2\/posts\/124576\/revisions"}],"predecessor-version":[{"id":124579,"href":"https:\/\/blogdoedvaldomagalhaes.com.br\/index.php\/wp-json\/wp\/v2\/posts\/124576\/revisions\/124579"}],"wp:featuredmedia":[{"embeddable":true,"href":"https:\/\/blogdoedvaldomagalhaes.com.br\/index.php\/wp-json\/wp\/v2\/media\/124578"}],"wp:attachment":[{"href":"https:\/\/blogdoedvaldomagalhaes.com.br\/index.php\/wp-json\/wp\/v2\/media?parent=124576"}],"wp:term":[{"taxonomy":"category","embeddable":true,"href":"https:\/\/blogdoedvaldomagalhaes.com.br\/index.php\/wp-json\/wp\/v2\/categories?post=124576"},{"taxonomy":"post_tag","embeddable":true,"href":"https:\/\/blogdoedvaldomagalhaes.com.br\/index.php\/wp-json\/wp\/v2\/tags?post=124576"}],"curies":[{"name":"wp","href":"https:\/\/api.w.org\/{rel}","templated":true}]}}