{"id":124571,"date":"2025-11-10T09:20:36","date_gmt":"2025-11-10T12:20:36","guid":{"rendered":"https:\/\/blogdoedvaldomagalhaes.com.br\/?p=124571"},"modified":"2025-11-10T09:36:18","modified_gmt":"2025-11-10T12:36:18","slug":"buzz-lab-fica-entre-as-melhores-agencias-do-cria-pe-2025-conquista-o-grand-prix-de-agencia-destaque-do-interior-e-lidera-premios-no-setor-imobiliario","status":"publish","type":"post","link":"https:\/\/blogdoedvaldomagalhaes.com.br\/index.php\/2025\/11\/10\/buzz-lab-fica-entre-as-melhores-agencias-do-cria-pe-2025-conquista-o-grand-prix-de-agencia-destaque-do-interior-e-lidera-premios-no-setor-imobiliario\/","title":{"rendered":"Buzz Lab fica entre as melhores ag\u00eancias do CRIA-PE 2025, conquista o Grand Prix de Ag\u00eancia Destaque do Interior e lidera pr\u00eamios no setor imobili\u00e1rio"},"content":{"rendered":"<p class=\"s4\">A ag\u00eancia Buzz Lab conquistou quatro pr\u00eamios e o t\u00edtulo de Ag\u00eancia Destaque do Interior no Festival CRIA-PE 2025, realizado no Recife Expo Center no dia 4 de novembro de 2025.<\/p>\n<p class=\"s4\">Com esse desempenho, a empresa alcan\u00e7ou o 8\u00ba lugar geral entre as 32 ag\u00eancias participantes de todo o estado, sendo a \u00fanica representante do interior no Top 10 do ranking.<\/p>\n<p class=\"s4\">A Buzz Lab chegou \u00e0 premia\u00e7\u00e3o com 13 pe\u00e7as finalistas, mais que o dobro das outras duas concorrentes do interior, distribu\u00eddas em sete categorias diferentes das quinze existentes no festival. O resultado representa um salto expressivo em rela\u00e7\u00e3o \u00e0 edi\u00e7\u00e3o anterior, confirmando a evolu\u00e7\u00e3o criativa e estrat\u00e9gica da ag\u00eancia nos \u00faltimos anos.<\/p>\n<p class=\"s4\">Desde a cria\u00e7\u00e3o do sistema de shortlist nas premia\u00e7\u00f5es publicit\u00e1rias de Pernambuco, a Buzz Lab se mant\u00e9m como a ag\u00eancia do interior com o maior n\u00famero de pe\u00e7as finalistas, consolidando uma trajet\u00f3ria consistente de crescimento e evolu\u00e7\u00e3o criativa.<\/p>\n<p class=\"s4\">No recorte setorial, a Buzz Lab tamb\u00e9m foi a l\u00edder em indica\u00e7\u00f5es e pr\u00eamios do segmento imobili\u00e1rio, com 10 finalistas e tr\u00eas trof\u00e9us conquistados em parceria com o Grupo Viver Bem \u2014 refor\u00e7ando sua posi\u00e7\u00e3o de refer\u00eancia criativa nesse mercado.<\/p>\n<p class=\"s4\">A ag\u00eancia ainda foi a \u00fanica do interior a disputar subcategorias de T\u00e9cnica de Filme e Melhor Estrat\u00e9gia de M\u00eddia, saindo premiada em ambas, demonstrando versatilidade e dom\u00ednio t\u00e9cnico em diferentes formatos de comunica\u00e7\u00e3o.<\/p>\n<p class=\"s4\">Durante a cerim\u00f4nia, a Buzz Lab recebeu quatro trof\u00e9us:<\/p>\n<div class=\"s6\"><span class=\"s5\">\u25cf <\/span>Bronze em Inova\u00e7\u00e3o em Experi\u00eancia e Ativa\u00e7\u00e3o (categoria Experi\u00eancia e Ativa\u00e7\u00e3o)<\/div>\n<div class=\"s7\"><span class=\"s5\">\u25cf <\/span>Bronze em Melhor Estrat\u00e9gia de M\u00eddia<\/div>\n<div class=\"s7\"><span class=\"s5\">\u25cf <\/span>Bronze em Trilha (categoria T\u00e9cnica de Filmes)<\/div>\n<div class=\"s8\"><span class=\"s5\">\u25cf <\/span>Prata em Ilustra\u00e7\u00e3o (categoria T\u00e9cnica para Impressos e Outros Formatos)<\/div>\n<p class=\"s4\">Com esse desempenho, a Buzz Lab subiu do 10\u00ba para o 8\u00ba lugar geral e foi consagrada com o Grand Prix de Ag\u00eancia Destaque do Interior, reafirmando seu papel de lideran\u00e7a entre as ag\u00eancias do Agreste e Sert\u00e3o pernambucano.<\/p>\n<p class=\"s10\"><span class=\"s9\"><span class=\"bumpedFont15\">\u201cEsse resultado representa o amadurecimento do nosso trabalho e a for\u00e7a criativa que vem do interior. Mostra que \u00e9 poss\u00edvel fazer comunica\u00e7\u00e3o de alto n\u00edvel a partir de Caruaru, com ideias competitivas em qualquer lugar do estado. Nossa meta \u00e9 consolidar a Buzz Lab como uma das principais ag\u00eancias de Pernambuco\u201d, afirmou Josival J\u00fanior, CEO da Buzz Lab.<\/span><\/span><\/p>\n<p class=\"s4\">O festival, promovido pelo Sinapro Pernambuco, reuniu as principais ag\u00eancias, ve\u00edculos de comunica\u00e7\u00e3o, produtoras e profissionais do mercado publicit\u00e1rio do estado, premiando os melhores trabalhos do \u00faltimo ano em diversas categorias.<\/p>\n<p class=\"s4\">O desempenho da Buzz Lab no CRIA-PE 2025 refor\u00e7a sua posi\u00e7\u00e3o entre as ag\u00eancias de nova gera\u00e7\u00e3o mais promissoras do mercado pernambucano, com um modelo de atua\u00e7\u00e3o que une estrat\u00e9gia, criatividade e proximidade com os clientes.<\/p>\n<div class=\"s12\">Sobre a Buzz Lab<\/div>\n<div><\/div>\n<p class=\"s4\">Com mais de 13 anos de atua\u00e7\u00e3o, a Buzz Lab \u00e9 uma ag\u00eancia de publicidade pernambucana com sede em Caruaru. A empresa construiu uma trajet\u00f3ria s\u00f3lida no mercado regional, com forte presen\u00e7a no varejo e setor imobili\u00e1rio, acumulando diversos cases de sucesso e pr\u00eamios. A ag\u00eancia atua como uma boutique de comunica\u00e7\u00e3o focada em estrat\u00e9gia, criatividade e inova\u00e7\u00e3o, atendendo empresas regionais que acreditam no poder das grandes ideias.<br \/>\nSiga o Instagram @portaledvaldomagalhaes<\/p>\n","protected":false},"excerpt":{"rendered":"<p>A ag\u00eancia Buzz Lab conquistou quatro pr\u00eamios e o t\u00edtulo de Ag\u00eancia Destaque do Interior no Festival CRIA-PE 2025, realizado&hellip;<\/p>\n","protected":false},"author":1,"featured_media":124572,"comment_status":"closed","ping_status":"open","sticky":false,"template":"","format":"standard","meta":{"footnotes":""},"categories":[14120],"tags":[13146,35238,3406,34634],"class_list":["post-124571","post","type-post","status-publish","format-standard","has-post-thumbnail","hentry","category-noticias","tag-blog-edvaldo-magalhaes","tag-boybuzz-why-lab-fica-entre-as-melhores-agencias-do-cri-fa-pe-2025","tag-caruaru","tag-portal-edvaldo-magalhaes"],"_links":{"self":[{"href":"https:\/\/blogdoedvaldomagalhaes.com.br\/index.php\/wp-json\/wp\/v2\/posts\/124571","targetHints":{"allow":["GET"]}}],"collection":[{"href":"https:\/\/blogdoedvaldomagalhaes.com.br\/index.php\/wp-json\/wp\/v2\/posts"}],"about":[{"href":"https:\/\/blogdoedvaldomagalhaes.com.br\/index.php\/wp-json\/wp\/v2\/types\/post"}],"author":[{"embeddable":true,"href":"https:\/\/blogdoedvaldomagalhaes.com.br\/index.php\/wp-json\/wp\/v2\/users\/1"}],"replies":[{"embeddable":true,"href":"https:\/\/blogdoedvaldomagalhaes.com.br\/index.php\/wp-json\/wp\/v2\/comments?post=124571"}],"version-history":[{"count":3,"href":"https:\/\/blogdoedvaldomagalhaes.com.br\/index.php\/wp-json\/wp\/v2\/posts\/124571\/revisions"}],"predecessor-version":[{"id":124575,"href":"https:\/\/blogdoedvaldomagalhaes.com.br\/index.php\/wp-json\/wp\/v2\/posts\/124571\/revisions\/124575"}],"wp:featuredmedia":[{"embeddable":true,"href":"https:\/\/blogdoedvaldomagalhaes.com.br\/index.php\/wp-json\/wp\/v2\/media\/124572"}],"wp:attachment":[{"href":"https:\/\/blogdoedvaldomagalhaes.com.br\/index.php\/wp-json\/wp\/v2\/media?parent=124571"}],"wp:term":[{"taxonomy":"category","embeddable":true,"href":"https:\/\/blogdoedvaldomagalhaes.com.br\/index.php\/wp-json\/wp\/v2\/categories?post=124571"},{"taxonomy":"post_tag","embeddable":true,"href":"https:\/\/blogdoedvaldomagalhaes.com.br\/index.php\/wp-json\/wp\/v2\/tags?post=124571"}],"curies":[{"name":"wp","href":"https:\/\/api.w.org\/{rel}","templated":true}]}}