{"id":124568,"date":"2025-11-09T22:44:06","date_gmt":"2025-11-10T01:44:06","guid":{"rendered":"https:\/\/blogdoedvaldomagalhaes.com.br\/?p=124568"},"modified":"2025-11-09T22:45:49","modified_gmt":"2025-11-10T01:45:49","slug":"governadora-raquel-lyra-destaca-forca-do-agronegocio-pernambucano-na-abertura-da-exposicao-nordestina","status":"publish","type":"post","link":"https:\/\/blogdoedvaldomagalhaes.com.br\/index.php\/2025\/11\/09\/governadora-raquel-lyra-destaca-forca-do-agronegocio-pernambucano-na-abertura-da-exposicao-nordestina\/","title":{"rendered":"Governadora Raquel Lyra destaca for\u00e7a do agroneg\u00f3cio pernambucano na abertura da Exposi\u00e7\u00e3o Nordestina"},"content":{"rendered":"<p><span style=\"font-size: revert;\">A governadora Raquel Lyra abriu simbolicamente, neste domingo (9), a 82\u00aa Exposi\u00e7\u00e3o Nordestina de Animais e Produtos Derivados, que teve in\u00edcio na \u00faltima sexta-feira (7) e segue at\u00e9 o dia 16, no Parque de Exposi\u00e7\u00f5es do Cordeiro, no Recife. Na ocasi\u00e3o, a gestora refor\u00e7ou a import\u00e2ncia do evento para a economia do Estado, que anualmente atrai milhares de visitantes e movimenta diferentes setores ligados ao agroneg\u00f3cio e tamb\u00e9m ao lazer. A vice-governadora Priscila Krause tamb\u00e9m participou do evento.<\/span><\/p>\n<p>\u201cEstamos em mais uma edi\u00e7\u00e3o da exposi\u00e7\u00e3o que representa o que Pernambuco \u00e9: a for\u00e7a do nosso agro, dos nossos trabalhadores e empreendedores. Estamos buscando, de forma permanente, ouvir e dialogar com o setor produtivo. Conseguimos reduzir o ICMS e criar as condi\u00e7\u00f5es para que Pernambuco voltasse a ser o maior produtor de leite do Nordeste. Isso mostra o esfor\u00e7o de quem trabalha no campo e agora pode contar com um estado parceiro, que melhora o ambiente de neg\u00f3cios\u201d, afirmou a governadora Raquel Lyra.<\/p>\n<p>Reconhecida como a maior feira agropecu\u00e1ria do Norte e Nordeste e a terceira maior do pa\u00eds, a exposi\u00e7\u00e3o re\u00fane mais de tr\u00eas mil animais de v\u00e1rias esp\u00e9cies, al\u00e9m de leil\u00f5es, concursos e participa\u00e7\u00e3o ativa de entidades do setor produtivo. Com expectativa de movimentar cerca de R$ 40 milh\u00f5es, o evento refor\u00e7a a pujan\u00e7a do agroneg\u00f3cio pernambucano, especialmente na produ\u00e7\u00e3o de gen\u00e9tica de equinos, bovinos, caprinos e ovinos.<\/p>\n<p>\u201cEsta \u00e9 uma das maiores exposi\u00e7\u00f5es de todo o Norte-Nordeste e tamb\u00e9m uma das maiores do Brasil. Conta com o apoio decisivo do Governo do Estado, exatamente para impulsionar e fortalecer o potencial da agropecu\u00e1ria pernambucana. O volume de neg\u00f3cios deve girar em torno de R$ 40 milh\u00f5es. Al\u00e9m de ser um ambiente de grande visita\u00e7\u00e3o, \u00e9 tamb\u00e9m um ambiente de neg\u00f3cios\u201d, disse o secret\u00e1rio de Desenvolvimento Agr\u00e1rio, Agricultura, Pecu\u00e1ria e Pesca, C\u00edcero Moraes.<\/p>\n<p>A programa\u00e7\u00e3o tamb\u00e9m contempla atividades para toda a fam\u00edlia, incluindo parque de divers\u00f5es, atra\u00e7\u00f5es culturais e mais de 200 expositores de produtos e servi\u00e7os. Com gera\u00e7\u00e3o de aproximadamente tr\u00eas mil empregos diretos e indiretos, a Exposi\u00e7\u00e3o do Cordeiro se consolida como um dos principais encontros entre produtores, empreendedores e o p\u00fablico do Estado. \u201c\u00c9 de suma import\u00e2ncia destacar que, sem a participa\u00e7\u00e3o efetiva do Governo do Estado, n\u00e3o ter\u00edamos condi\u00e7\u00f5es de realizar um evento dessa magnitude. Estamos esperando um p\u00fablico crescente, entre 150 e 200 mil pessoas, fam\u00edlias pernambucanas e nordestinas, que v\u00eam prestigiar a festa\u201d, afirmou o presidente da Sociedade Nordestina dos Criadores, Delmiro Gouveia.<\/p>\n<p>Acompanharam a agenda, o secret\u00e1rio Mobilidade e Infraestrutura, Andr\u00e9 Teixeira; os presidentes da Ag\u00eancia de Defesa e Fiscaliza\u00e7\u00e3o Agropecu\u00e1ria do Estado de Pernambuco (Adagro), Moshe Dayan, e do Instituto de Terras e Reforma Agr\u00e1ria do Estado de Pernambuco (Iterpe), Cleodon Ricardo; al\u00e9m do prefeito de Buenos Aires, Henrique Queiroz, e do vereador do Recife, Davi Muniz; entre outras autoridades. <span style=\"font-size: revert;\">Fotos: Miva Filho\/Secom.<br \/>\nSiga o Instagram @portaledvaldomagalhaes<\/span><\/p>\n","protected":false},"excerpt":{"rendered":"<p>A governadora Raquel Lyra abriu simbolicamente, neste domingo (9), a 82\u00aa Exposi\u00e7\u00e3o Nordestina de Animais e Produtos Derivados, que teve&hellip;<\/p>\n","protected":false},"author":1,"featured_media":124570,"comment_status":"closed","ping_status":"open","sticky":false,"template":"","format":"standard","meta":{"footnotes":""},"categories":[14120],"tags":[13146,28127,20,34634],"class_list":["post-124568","post","type-post","status-publish","format-standard","has-post-thumbnail","hentry","category-noticias","tag-blog-edvaldo-magalhaes","tag-governadora-raquel-lyra","tag-politica","tag-portal-edvaldo-magalhaes"],"_links":{"self":[{"href":"https:\/\/blogdoedvaldomagalhaes.com.br\/index.php\/wp-json\/wp\/v2\/posts\/124568","targetHints":{"allow":["GET"]}}],"collection":[{"href":"https:\/\/blogdoedvaldomagalhaes.com.br\/index.php\/wp-json\/wp\/v2\/posts"}],"about":[{"href":"https:\/\/blogdoedvaldomagalhaes.com.br\/index.php\/wp-json\/wp\/v2\/types\/post"}],"author":[{"embeddable":true,"href":"https:\/\/blogdoedvaldomagalhaes.com.br\/index.php\/wp-json\/wp\/v2\/users\/1"}],"replies":[{"embeddable":true,"href":"https:\/\/blogdoedvaldomagalhaes.com.br\/index.php\/wp-json\/wp\/v2\/comments?post=124568"}],"version-history":[{"count":1,"href":"https:\/\/blogdoedvaldomagalhaes.com.br\/index.php\/wp-json\/wp\/v2\/posts\/124568\/revisions"}],"predecessor-version":[{"id":124569,"href":"https:\/\/blogdoedvaldomagalhaes.com.br\/index.php\/wp-json\/wp\/v2\/posts\/124568\/revisions\/124569"}],"wp:featuredmedia":[{"embeddable":true,"href":"https:\/\/blogdoedvaldomagalhaes.com.br\/index.php\/wp-json\/wp\/v2\/media\/124570"}],"wp:attachment":[{"href":"https:\/\/blogdoedvaldomagalhaes.com.br\/index.php\/wp-json\/wp\/v2\/media?parent=124568"}],"wp:term":[{"taxonomy":"category","embeddable":true,"href":"https:\/\/blogdoedvaldomagalhaes.com.br\/index.php\/wp-json\/wp\/v2\/categories?post=124568"},{"taxonomy":"post_tag","embeddable":true,"href":"https:\/\/blogdoedvaldomagalhaes.com.br\/index.php\/wp-json\/wp\/v2\/tags?post=124568"}],"curies":[{"name":"wp","href":"https:\/\/api.w.org\/{rel}","templated":true}]}}