{"id":124561,"date":"2025-11-09T15:58:27","date_gmt":"2025-11-09T18:58:27","guid":{"rendered":"https:\/\/blogdoedvaldomagalhaes.com.br\/?p=124561"},"modified":"2025-11-09T16:05:49","modified_gmt":"2025-11-09T19:05:49","slug":"governadora-raquel-lyra-antecipa-para-maio-a-entrega-do-novo-terminal-de-passageiros-do-aeroporto-de-fernando-de-noronha","status":"publish","type":"post","link":"https:\/\/blogdoedvaldomagalhaes.com.br\/index.php\/2025\/11\/09\/governadora-raquel-lyra-antecipa-para-maio-a-entrega-do-novo-terminal-de-passageiros-do-aeroporto-de-fernando-de-noronha\/","title":{"rendered":"Governadora Raquel Lyra antecipa para maio a entrega do novo terminal de passageiros do aeroporto de Fernando de Noronha"},"content":{"rendered":"<p>Concluindo agenda oficial no Arquip\u00e9lago de Fernando de Noronha, a governadora Raquel Lyra acompanhou, na manh\u00e3 deste domingo (9), o in\u00edcio das obras de uma nova fase da requalifica\u00e7\u00e3o do Aeroporto Governador Carlos Wilson. Ap\u00f3s inaugurar, na \u00faltima sexta-feira (7), duas pistas de taxiamento e um terminal de aeronaves, a gestora vistoriou o in\u00edcio da constru\u00e7\u00e3o das novas \u00e1reas de desembarque e check-in do terminal de passageiros. Prevista para entrega apenas em setembro de 2026, a obra agora ser\u00e1 totalmente conclu\u00edda at\u00e9 maio, em atendimento a um pedido da pr\u00f3pria governadora \u00e0 empresa respons\u00e1vel pelo projeto, a Dix Aeroportos, subsidi\u00e1ria do Grupo Agemar.<\/p>\n<p>\u201cEstou muito feliz em me despedir de Noronha com uma not\u00edcia t\u00e3o boa. No dia 15 de maio vamos entregar um terminal de passageiros novinho em folha para o Aeroporto Governador Carlos Wilson, conseguindo atender muito melhor tanto quem vive na ilha quanto quem vem nos visitar. \u00c9 desse jeito que estamos mudando a infraestrutura desse lugar\u201d, celebrou a governadora Raquel Lyra.<\/p>\n<p>Est\u00e3o sendo investidos, ao todo, R$ 45 milh\u00f5es nas obras do terminal de passageiros de Noronha. Segundo o secret\u00e1rio estadual de Mobilidade e Infraestrutura, Andr\u00e9 Teixeira Filho, a expectativa \u00e9 que o total aportado em toda a obra do aeroporto chegue aos R$ 135 milh\u00f5es.<\/p>\n<p><img loading=\"lazy\" decoding=\"async\" src=\"https:\/\/blogdoedvaldomagalhaes.com.br\/wp-content\/uploads\/2025\/11\/img-20251109-wa01236679880577717020164.jpg\" class=\"wp-image-124566 alignnone size-full\" width=\"1280\" height=\"853\" srcset=\"https:\/\/blogdoedvaldomagalhaes.com.br\/wp-content\/uploads\/2025\/11\/img-20251109-wa01236679880577717020164.jpg 1280w, https:\/\/blogdoedvaldomagalhaes.com.br\/wp-content\/uploads\/2025\/11\/img-20251109-wa01236679880577717020164-300x200.jpg 300w, https:\/\/blogdoedvaldomagalhaes.com.br\/wp-content\/uploads\/2025\/11\/img-20251109-wa01236679880577717020164-1024x682.jpg 1024w, https:\/\/blogdoedvaldomagalhaes.com.br\/wp-content\/uploads\/2025\/11\/img-20251109-wa01236679880577717020164-768x512.jpg 768w\" sizes=\"auto, (max-width: 1280px) 100vw, 1280px\" \/><\/p>\n<p>\u201cS\u00e3o R$ 135 milh\u00f5es investidos apenas nesse aeroporto. Fernando de Noronha nunca viu tanto investimento, nunca viu tanto cuidado. Agora sim, o arquip\u00e9lago vai ter um terminal digno para receber o mundo todo nesse para\u00edso\u201d, comentou Teixeira.<\/p>\n<p>O administrador de Fernando de Noronha, Virg\u00edlio Oliveira, destacou a import\u00e2ncia da reforma do aeroporto para moradores e visitantes da ilha. \u201cA amplia\u00e7\u00e3o ser\u00e1 fundamental para receber com mais conforto tanto os turistas que visitam a ilha quanto os moradores, que sabemos que transitam com frequ\u00eancia, muitas vezes precisando ir ao continente e retornar a Noronha. O governo vem atuando em um ritmo acelerado, fazendo Fernando de Noronha avan\u00e7ar a passos largos\u201d, enfatizou.<\/p>\n<p>ENTREGAS E AN\u00daNCIOS &#8211; A governadora Raquel Lyra chegou a Fernando de Noronha na tarde da sexta-feira (7), quando realizou entregas no aeroporto e vistoriou obras na escola estadual da ilha e dos Fortes de Santo Ant\u00f4nio e S\u00e3o Pedro do Boldr\u00f3. No mesmo dia, a gestora anunciou a constru\u00e7\u00e3o de 25 casas por meio de parceria entre os programas Morar Bem PE e Minha Casa, Minha Vida, al\u00e9m da requalifica\u00e7\u00e3o completa do cemit\u00e9rio local.<\/p>\n<p>No s\u00e1bado (8), a chefe do Executivo estadual visitou o Hospital S\u00e3o Lucas, que est\u00e1 com obras em andamento de um novo ambulat\u00f3rio. A gestora tamb\u00e9m visitou uma Esta\u00e7\u00e3o de Tratamento de Esgoto da Compesa e participou do evento de lan\u00e7amento do projeto de descarboniza\u00e7\u00e3o do arquip\u00e9lago, encabe\u00e7ado pela Neoenergia.<br \/>\nSiga o Instagram @portaledvaldomagalhaes<br \/>\nFotos: Yacy Ribeiro\/Secom<\/p>\n","protected":false},"excerpt":{"rendered":"<p>Concluindo agenda oficial no Arquip\u00e9lago de Fernando de Noronha, a governadora Raquel Lyra acompanhou, na manh\u00e3 deste domingo (9), o&hellip;<\/p>\n","protected":false},"author":1,"featured_media":124564,"comment_status":"closed","ping_status":"open","sticky":false,"template":"","format":"standard","meta":{"footnotes":""},"categories":[14120],"tags":[13146,20,34634,35237],"class_list":["post-124561","post","type-post","status-publish","format-standard","has-post-thumbnail","hentry","category-noticias","tag-blog-edvaldo-magalhaes","tag-politica","tag-portal-edvaldo-magalhaes","tag-to-megovernadora-raquel-lyra"],"_links":{"self":[{"href":"https:\/\/blogdoedvaldomagalhaes.com.br\/index.php\/wp-json\/wp\/v2\/posts\/124561","targetHints":{"allow":["GET"]}}],"collection":[{"href":"https:\/\/blogdoedvaldomagalhaes.com.br\/index.php\/wp-json\/wp\/v2\/posts"}],"about":[{"href":"https:\/\/blogdoedvaldomagalhaes.com.br\/index.php\/wp-json\/wp\/v2\/types\/post"}],"author":[{"embeddable":true,"href":"https:\/\/blogdoedvaldomagalhaes.com.br\/index.php\/wp-json\/wp\/v2\/users\/1"}],"replies":[{"embeddable":true,"href":"https:\/\/blogdoedvaldomagalhaes.com.br\/index.php\/wp-json\/wp\/v2\/comments?post=124561"}],"version-history":[{"count":3,"href":"https:\/\/blogdoedvaldomagalhaes.com.br\/index.php\/wp-json\/wp\/v2\/posts\/124561\/revisions"}],"predecessor-version":[{"id":124567,"href":"https:\/\/blogdoedvaldomagalhaes.com.br\/index.php\/wp-json\/wp\/v2\/posts\/124561\/revisions\/124567"}],"wp:featuredmedia":[{"embeddable":true,"href":"https:\/\/blogdoedvaldomagalhaes.com.br\/index.php\/wp-json\/wp\/v2\/media\/124564"}],"wp:attachment":[{"href":"https:\/\/blogdoedvaldomagalhaes.com.br\/index.php\/wp-json\/wp\/v2\/media?parent=124561"}],"wp:term":[{"taxonomy":"category","embeddable":true,"href":"https:\/\/blogdoedvaldomagalhaes.com.br\/index.php\/wp-json\/wp\/v2\/categories?post=124561"},{"taxonomy":"post_tag","embeddable":true,"href":"https:\/\/blogdoedvaldomagalhaes.com.br\/index.php\/wp-json\/wp\/v2\/tags?post=124561"}],"curies":[{"name":"wp","href":"https:\/\/api.w.org\/{rel}","templated":true}]}}