{"id":124557,"date":"2025-11-09T15:29:45","date_gmt":"2025-11-09T18:29:45","guid":{"rendered":"https:\/\/blogdoedvaldomagalhaes.com.br\/?p=124557"},"modified":"2025-11-09T15:29:45","modified_gmt":"2025-11-09T18:29:45","slug":"campanha-de-vacinacao-antirrabica-encerra-ultimo-final-de-semana-com-mais-de-22-mil-animais-imunizados-em-caruaru","status":"publish","type":"post","link":"https:\/\/blogdoedvaldomagalhaes.com.br\/index.php\/2025\/11\/09\/campanha-de-vacinacao-antirrabica-encerra-ultimo-final-de-semana-com-mais-de-22-mil-animais-imunizados-em-caruaru\/","title":{"rendered":"Campanha de Vacina\u00e7\u00e3o Antirr\u00e1bica encerra \u00faltimo final de semana com mais de 22 mil animais imunizados em Caruaru"},"content":{"rendered":"<p>A Secretaria Municipal de Sa\u00fade (SMS), encerrou, no s\u00e1bado (08.11), o segundo e \u00faltimo dia da Campanha de Vacina\u00e7\u00e3o Antirr\u00e1bica 2025. A a\u00e7\u00e3o, que teve in\u00edcio no dia 1\u00ba de novembro, imunizou 22.172 c\u00e3es e gatos em todo o munic\u00edpio.<\/p>\n<p>A campanha teve como objetivo refor\u00e7ar a preven\u00e7\u00e3o da raiva, ampliando a cobertura vacinal e mantendo Caruaru livre da doen\u00e7a. Durante os dois finais de semana, os postos de vacina\u00e7\u00e3o funcionaram das 8h \u00e0s 17h, em diversos bairros e comunidades urbanas, al\u00e9m de \u00e1reas residenciais e zonas perif\u00e9ricas.<\/p>\n<p>De acordo com a gerente geral de Vigil\u00e2ncia em Sa\u00fade, Cec\u00edlia Borba, o resultado reflete o comprometimento dos tutores e das equipes de sa\u00fade.<\/p>\n<p>\u201cA vacina\u00e7\u00e3o \u00e9 um ato de responsabilidade e prote\u00e7\u00e3o coletiva. Contamos com o apoio da popula\u00e7\u00e3o para garantir a imuniza\u00e7\u00e3o dos animais e manter a raiva longe de Caruaru. O resultado deste ano demonstra a ades\u00e3o e o cuidado dos tutores caruaruenses\u201d, destacou.<br \/>\nSeja seguidor do Instagram @portaledvaldomagalhaes<br \/>\nFoto: Divulga\u00e7\u00e3o <\/p>\n","protected":false},"excerpt":{"rendered":"<p>A Secretaria Municipal de Sa\u00fade (SMS), encerrou, no s\u00e1bado (08.11), o segundo e \u00faltimo dia da Campanha de Vacina\u00e7\u00e3o Antirr\u00e1bica&hellip;<\/p>\n","protected":false},"author":1,"featured_media":124558,"comment_status":"closed","ping_status":"open","sticky":false,"template":"","format":"standard","meta":{"footnotes":""},"categories":[14120],"tags":[13146,35236,34634],"class_list":["post-124557","post","type-post","status-publish","format-standard","has-post-thumbnail","hentry","category-noticias","tag-blog-edvaldo-magalhaes","tag-campanha-de-vacinacao-antirrabica-encerra-ultimo-final-de-semana-com-mais-de-22-mil-animais-imunizados-em-caruaru","tag-portal-edvaldo-magalhaes"],"_links":{"self":[{"href":"https:\/\/blogdoedvaldomagalhaes.com.br\/index.php\/wp-json\/wp\/v2\/posts\/124557","targetHints":{"allow":["GET"]}}],"collection":[{"href":"https:\/\/blogdoedvaldomagalhaes.com.br\/index.php\/wp-json\/wp\/v2\/posts"}],"about":[{"href":"https:\/\/blogdoedvaldomagalhaes.com.br\/index.php\/wp-json\/wp\/v2\/types\/post"}],"author":[{"embeddable":true,"href":"https:\/\/blogdoedvaldomagalhaes.com.br\/index.php\/wp-json\/wp\/v2\/users\/1"}],"replies":[{"embeddable":true,"href":"https:\/\/blogdoedvaldomagalhaes.com.br\/index.php\/wp-json\/wp\/v2\/comments?post=124557"}],"version-history":[{"count":1,"href":"https:\/\/blogdoedvaldomagalhaes.com.br\/index.php\/wp-json\/wp\/v2\/posts\/124557\/revisions"}],"predecessor-version":[{"id":124559,"href":"https:\/\/blogdoedvaldomagalhaes.com.br\/index.php\/wp-json\/wp\/v2\/posts\/124557\/revisions\/124559"}],"wp:featuredmedia":[{"embeddable":true,"href":"https:\/\/blogdoedvaldomagalhaes.com.br\/index.php\/wp-json\/wp\/v2\/media\/124558"}],"wp:attachment":[{"href":"https:\/\/blogdoedvaldomagalhaes.com.br\/index.php\/wp-json\/wp\/v2\/media?parent=124557"}],"wp:term":[{"taxonomy":"category","embeddable":true,"href":"https:\/\/blogdoedvaldomagalhaes.com.br\/index.php\/wp-json\/wp\/v2\/categories?post=124557"},{"taxonomy":"post_tag","embeddable":true,"href":"https:\/\/blogdoedvaldomagalhaes.com.br\/index.php\/wp-json\/wp\/v2\/tags?post=124557"}],"curies":[{"name":"wp","href":"https:\/\/api.w.org\/{rel}","templated":true}]}}