{"id":124554,"date":"2025-11-09T15:25:39","date_gmt":"2025-11-09T18:25:39","guid":{"rendered":"https:\/\/blogdoedvaldomagalhaes.com.br\/?p=124554"},"modified":"2025-11-09T15:25:39","modified_gmt":"2025-11-09T18:25:39","slug":"caruaru-fortalece-pecuaria-de-pequeno-porte-com-dia-de-campo-sobre-melhoramento-genetico","status":"publish","type":"post","link":"https:\/\/blogdoedvaldomagalhaes.com.br\/index.php\/2025\/11\/09\/caruaru-fortalece-pecuaria-de-pequeno-porte-com-dia-de-campo-sobre-melhoramento-genetico\/","title":{"rendered":"Caruaru fortalece pecu\u00e1ria de pequeno porte com Dia de Campo sobre Melhoramento Gen\u00e9tico"},"content":{"rendered":"<p>A Secretaria de Desenvolvimento Rural de Caruaru realizou no s\u00e1bado (8) o Dia de Campo de Melhoramento Gen\u00e9tico de Pequenos Ruminantes, no Haras e Rebanho HCN, localizado no S\u00edtio Lagoa do Paulista, zona rural do munic\u00edpio. O evento contou com o apoio do Sebrae, Banco do Nordeste, Minist\u00e9rio do Desenvolvimento Agr\u00e1rio e Haras e Dorper HCN.<\/p>\n<p>Com foco no melhoramento gen\u00e9tico e nas biotecnologias aplicadas \u00e0 reprodu\u00e7\u00e3o animal, a a\u00e7\u00e3o integrou o Plano Municipal de Desenvolvimento Rural (PMDR) e teve como objetivo capacitar produtores, t\u00e9cnicos e estudantes sobre t\u00e9cnicas como insemina\u00e7\u00e3o artificial e transfer\u00eancia de embri\u00f5es, que contribuem para o aumento da produtividade e a redu\u00e7\u00e3o de custos na cria\u00e7\u00e3o de caprinos e ovinos.<\/p>\n<p>O secret\u00e1rio de Desenvolvimento Rural, Weslley Nascimento, destacou a import\u00e2ncia da iniciativa para o fortalecimento da pecu\u00e1ria de pequeno porte. \u201cEstamos promovendo conhecimento, inova\u00e7\u00e3o e acesso a tecnologias que podem transformar a realidade dos criadores locais, tornando a produ\u00e7\u00e3o mais eficiente e sustent\u00e1vel\u201d, afirmou o secret\u00e1rio.<\/p>\n<p>Entre os participantes estava a agricultora Adriana Melo, que pretende iniciar a cria\u00e7\u00e3o de caprinos e ovinos e participou do evento para aprender mais sobre o setor. \u201cFoi uma oportunidade muito rica. Aprendi sobre t\u00e9cnicas que podem ajudar quem est\u00e1 come\u00e7ando, e saio mais motivada a investir nesse tipo de produ\u00e7\u00e3o\u201d, contou Adriana.<\/p>\n<p>A programa\u00e7\u00e3o contou com palestras t\u00e9cnicas sobre manejo reprodutivo e uma demonstra\u00e7\u00e3o pr\u00e1tica de transfer\u00eancia de embri\u00e3o. Fotos: Elvis \u00c9dson<br \/>\nSiga o Instagram @portaledvaldomagalhaes<\/p>\n","protected":false},"excerpt":{"rendered":"<p>A Secretaria de Desenvolvimento Rural de Caruaru realizou no s\u00e1bado (8) o Dia de Campo de Melhoramento Gen\u00e9tico de Pequenos&hellip;<\/p>\n","protected":false},"author":1,"featured_media":124555,"comment_status":"closed","ping_status":"open","sticky":false,"template":"","format":"standard","meta":{"footnotes":""},"categories":[14120],"tags":[13146,35235,34634],"class_list":["post-124554","post","type-post","status-publish","format-standard","has-post-thumbnail","hentry","category-noticias","tag-blog-edvaldo-magalhaes","tag-caruaru-fortalece-pecuaria-de-pequeno-porte-com-dia-de-campo-sobre-melhoramento-genetico","tag-portal-edvaldo-magalhaes"],"_links":{"self":[{"href":"https:\/\/blogdoedvaldomagalhaes.com.br\/index.php\/wp-json\/wp\/v2\/posts\/124554","targetHints":{"allow":["GET"]}}],"collection":[{"href":"https:\/\/blogdoedvaldomagalhaes.com.br\/index.php\/wp-json\/wp\/v2\/posts"}],"about":[{"href":"https:\/\/blogdoedvaldomagalhaes.com.br\/index.php\/wp-json\/wp\/v2\/types\/post"}],"author":[{"embeddable":true,"href":"https:\/\/blogdoedvaldomagalhaes.com.br\/index.php\/wp-json\/wp\/v2\/users\/1"}],"replies":[{"embeddable":true,"href":"https:\/\/blogdoedvaldomagalhaes.com.br\/index.php\/wp-json\/wp\/v2\/comments?post=124554"}],"version-history":[{"count":1,"href":"https:\/\/blogdoedvaldomagalhaes.com.br\/index.php\/wp-json\/wp\/v2\/posts\/124554\/revisions"}],"predecessor-version":[{"id":124556,"href":"https:\/\/blogdoedvaldomagalhaes.com.br\/index.php\/wp-json\/wp\/v2\/posts\/124554\/revisions\/124556"}],"wp:featuredmedia":[{"embeddable":true,"href":"https:\/\/blogdoedvaldomagalhaes.com.br\/index.php\/wp-json\/wp\/v2\/media\/124555"}],"wp:attachment":[{"href":"https:\/\/blogdoedvaldomagalhaes.com.br\/index.php\/wp-json\/wp\/v2\/media?parent=124554"}],"wp:term":[{"taxonomy":"category","embeddable":true,"href":"https:\/\/blogdoedvaldomagalhaes.com.br\/index.php\/wp-json\/wp\/v2\/categories?post=124554"},{"taxonomy":"post_tag","embeddable":true,"href":"https:\/\/blogdoedvaldomagalhaes.com.br\/index.php\/wp-json\/wp\/v2\/tags?post=124554"}],"curies":[{"name":"wp","href":"https:\/\/api.w.org\/{rel}","templated":true}]}}