{"id":124551,"date":"2025-11-09T15:06:26","date_gmt":"2025-11-09T18:06:26","guid":{"rendered":"https:\/\/blogdoedvaldomagalhaes.com.br\/?p=124551"},"modified":"2025-11-09T15:06:26","modified_gmt":"2025-11-09T18:06:26","slug":"ivanildo-vila-nova-vence-o-maior-duelo-de-repentistas-da-atualidade","status":"publish","type":"post","link":"https:\/\/blogdoedvaldomagalhaes.com.br\/index.php\/2025\/11\/09\/ivanildo-vila-nova-vence-o-maior-duelo-de-repentistas-da-atualidade\/","title":{"rendered":"Ivanildo Vila Nova vence o maior duelo de repentistas da atualidade"},"content":{"rendered":"<p>Aos 80 anos de idade, o repentista Ivanildo Vila Nova conquistou a ta\u00e7a de campe\u00e3o na 19\u00aa edi\u00e7\u00e3o do Desafio Estado contra Estado, evento considerado como a &#8220;Copa do Mundo do Repente&#8221; pelos amantes da cultura popular nordestina. O festival ocorreu na noite deste s\u00e1bado (8), no Teatro Facisa, em Campina Grande.<\/p>\n<p>Emocionado, Ivanildo afirmou que est\u00e1 fechando &#8220;com chave de ouro&#8221; um ciclo de apresenta\u00e7\u00f5es competitivas. &#8220;Quem quiser colocar essa vit\u00f3ria no Livro dos Recordes, pode colocar&#8221;, disse, ressaltando que diariamente agradece a Deus pelo dom da poesia. <\/p>\n<p>Pernambucano de Caruaru, o poeta &#8211; que tamb\u00e9m havia vencido outras tr\u00eas edi\u00e7\u00f5es do Estado contra Estado &#8211; \u00e9 autor de versos que romperam as fronteiras da viola, a exemplo de &#8220;Nordeste Independente&#8221; e &#8220;Orgulho de ser nordestino&#8221;. Ademais, \u00e9 respons\u00e1vel pela profissionaliza\u00e7\u00e3o da cantoria, e j\u00e1 levou a cultura da viola para diversos pa\u00edses, como Fran\u00e7a, It\u00e1lia e Estados Unidos.<\/p>\n<p>Com julgamento individual, o Desafio Estado contra Estado contou com 12 violeiros de cinco estados do Nordeste, inclusive os nomes mais relevantes da nova gera\u00e7\u00e3o de cantadores. A transmiss\u00e3o da disputa est\u00e1 dispon\u00edvel no link https:\/\/www.youtube.com\/live\/CaCvM8f1d1g?si=S-3pvdLJ6vcOLKcm .<br \/>\nSeja seguidor do Instagram @portaledvaldomagalhaes<br \/>\nFoto: Divulga\u00e7\u00e3o <\/p>\n","protected":false},"excerpt":{"rendered":"<p>Aos 80 anos de idade, o repentista Ivanildo Vila Nova conquistou a ta\u00e7a de campe\u00e3o na 19\u00aa edi\u00e7\u00e3o do Desafio&hellip;<\/p>\n","protected":false},"author":1,"featured_media":124552,"comment_status":"closed","ping_status":"open","sticky":false,"template":"","format":"standard","meta":{"footnotes":""},"categories":[14120],"tags":[13146,35234,34634],"class_list":["post-124551","post","type-post","status-publish","format-standard","has-post-thumbnail","hentry","category-noticias","tag-blog-edvaldo-magalhaes","tag-ivanildo-vila-nova-vence-o-maior-duelo-de-repentistas-da-atualidade","tag-portal-edvaldo-magalhaes"],"_links":{"self":[{"href":"https:\/\/blogdoedvaldomagalhaes.com.br\/index.php\/wp-json\/wp\/v2\/posts\/124551","targetHints":{"allow":["GET"]}}],"collection":[{"href":"https:\/\/blogdoedvaldomagalhaes.com.br\/index.php\/wp-json\/wp\/v2\/posts"}],"about":[{"href":"https:\/\/blogdoedvaldomagalhaes.com.br\/index.php\/wp-json\/wp\/v2\/types\/post"}],"author":[{"embeddable":true,"href":"https:\/\/blogdoedvaldomagalhaes.com.br\/index.php\/wp-json\/wp\/v2\/users\/1"}],"replies":[{"embeddable":true,"href":"https:\/\/blogdoedvaldomagalhaes.com.br\/index.php\/wp-json\/wp\/v2\/comments?post=124551"}],"version-history":[{"count":1,"href":"https:\/\/blogdoedvaldomagalhaes.com.br\/index.php\/wp-json\/wp\/v2\/posts\/124551\/revisions"}],"predecessor-version":[{"id":124553,"href":"https:\/\/blogdoedvaldomagalhaes.com.br\/index.php\/wp-json\/wp\/v2\/posts\/124551\/revisions\/124553"}],"wp:featuredmedia":[{"embeddable":true,"href":"https:\/\/blogdoedvaldomagalhaes.com.br\/index.php\/wp-json\/wp\/v2\/media\/124552"}],"wp:attachment":[{"href":"https:\/\/blogdoedvaldomagalhaes.com.br\/index.php\/wp-json\/wp\/v2\/media?parent=124551"}],"wp:term":[{"taxonomy":"category","embeddable":true,"href":"https:\/\/blogdoedvaldomagalhaes.com.br\/index.php\/wp-json\/wp\/v2\/categories?post=124551"},{"taxonomy":"post_tag","embeddable":true,"href":"https:\/\/blogdoedvaldomagalhaes.com.br\/index.php\/wp-json\/wp\/v2\/tags?post=124551"}],"curies":[{"name":"wp","href":"https:\/\/api.w.org\/{rel}","templated":true}]}}