{"id":124546,"date":"2025-11-08T22:50:56","date_gmt":"2025-11-09T01:50:56","guid":{"rendered":"https:\/\/blogdoedvaldomagalhaes.com.br\/?p=124546"},"modified":"2025-11-08T23:42:36","modified_gmt":"2025-11-09T02:42:36","slug":"4o-encontro-de-secretarios-e-dirigentes-municipais-de-turismo-de-pernambuco-reuniu-gestores-em-paudalho-entre-5-e-7-de-novembro","status":"publish","type":"post","link":"https:\/\/blogdoedvaldomagalhaes.com.br\/index.php\/2025\/11\/08\/4o-encontro-de-secretarios-e-dirigentes-municipais-de-turismo-de-pernambuco-reuniu-gestores-em-paudalho-entre-5-e-7-de-novembro\/","title":{"rendered":"4\u00ba Encontro de Secret\u00e1rios e Dirigentes Municipais de Turismo de Pernambuco reuniu gestores"},"content":{"rendered":"<p>A Associa\u00e7\u00e3o dos Secret\u00e1rios e Dirigentes de Turismo de Pernambuco (Astur\/PE) realizou, entre os dias 5 e 7 de novembro de 2025, o 4\u00ba Encontro de Secret\u00e1rios e Dirigentes Municipais de Turismo, no munic\u00edpio de Paudalho, reunindo gestores p\u00fablicos, institui\u00e7\u00f5es parceiras e representantes do trade tur\u00edstico de diversas regi\u00f5es do Estado.<\/p>\n<p>As atividades iniciaram na quarta-feira (05) com atendimento especializado aos munic\u00edpios, conduzido pela advogada Dra. Lidiane Alves, com orienta\u00e7\u00f5es t\u00e9cnicas e jur\u00eddicas para fortalecer a gest\u00e3o tur\u00edstica local.<\/p>\n<p>Na quinta-feira (06), pela manh\u00e3, aconteceu a abertura oficial do encontro, com apresenta\u00e7\u00f5es culturais do Bloco L\u00edrico Som de Serenata, Orquestra 100% Frevo e da Companhia BMCE \u2013 Ballet e Movimento de Cultura e Express\u00e3o, com o espet\u00e1culo \u201cPaudalho, Terra de Encantos\u201d.<\/p>\n<p>A solenidade contou com a presen\u00e7a de diversas autoridades, entre elas:<br \/>\n\u2022 a prefeita de Paudalho, Paula Frassinette;<br \/>\n\u2022 o prefeito de Vic\u00eancia, \u00c9der Waltter;<br \/>\n\u2022 o presidente da Empetur, Eduardo Loyo, e equipe t\u00e9cnica;<br \/>\n\u2022 o presidente da C\u00e2mara Municipal de Paudalho, Mikael S\u00e1;<br \/>\n\u2022 o desembargador Dr. Dem\u00f3crito Filho;<br \/>\n\u2022 o p\u00e1roco local, Artur Alexandre;<br \/>\n\u2022 o secret\u00e1rio de Turismo de Paudalho, Jo\u00e3o Batista;<br \/>\n\u2022 o presidente do Conselho Municipal de Turismo de Paudalho, Robson Negreiros;<br \/>\n\u2022 a presidente da Astur\/PE, Anayran Santos;<br \/>\n\u2022 al\u00e9m de gestores municipais de turismo de mais de 50 cidades pernambucanas.<\/p>\n<p>Tamb\u00e9m estiveram presentes representantes de associa\u00e7\u00f5es, empresas e profissionais do turismo, entre eles a diretoria do Sindicato dos Guias de Turismo de Pernambuco e integrantes do trade tur\u00edstico de Paudalho, que acompanharam e participaram das atividades do encontro.<\/p>\n<p>Durante a cerim\u00f4nia, foram concedidas homenagens especiais:<\/p>\n<p>Pr\u00eamio Amigo do Turismo<br \/>\n\u2022 Paula Frassinette, prefeita de Paudalho<br \/>\n* EMPETUR \u2013 em celebra\u00e7\u00e3o aos 58 anos de exist\u00eancia<br \/>\n\u2022 Sandro Correia, prefeito de Ch\u00e3 Grande \u2013 representado pela primeira-dama e secret\u00e1ria de Finan\u00e7as, Rahyra Santos<\/p>\n<p>Pr\u00eamio Othon Bezerra de Melo<br \/>\n\u2022 Edmundo Rodrigues, primeiro presidente da Astur\/PE \u2013 edi\u00e7\u00e3o 2023<br \/>\n\u2022 Andr\u00e9 Vasconcelos, secret\u00e1rio de Turismo de Triunfo e ex-presidente da Astur\/PE \u2013 edi\u00e7\u00e3o 2025<\/p>\n<p>No per\u00edodo da tarde, o encontro promoveu pain\u00e9is sobre turismo em rede, apresentados pela Universidade Federal de Pernambuco (UFPE) e pela SAVE Brasil. Em seguida, foram compartilhados seis cases municipais de destaque no desenvolvimento tur\u00edstico regional:<br \/>\n\u2022 Gravat\u00e1 \u2013 Natal de Gravat\u00e1<br \/>\n\u2022 Jaboat\u00e3o dos Guararapes \u2013 Turismo Rural e Religioso<br \/>\n\u2022 Igarassu \u2013 Revitaliza\u00e7\u00e3o da Coroa do Avi\u00e3o<br \/>\n\u2022 Vit\u00f3ria de Santo Ant\u00e3o \u2013 \u00d4nibus do Forr\u00f3 \u2013 Distrito de Pirituba<br \/>\n\u2022 Ibirajuba \u2013 Festa de Maio<br \/>\n\u2022 Tacaratu \u2013 Festival da Rede<\/p>\n<p>A programa\u00e7\u00e3o contou ainda com mostra gastron\u00f4mica e confraterniza\u00e7\u00e3o, promovendo integra\u00e7\u00e3o e relacionamento entre os gestores.<\/p>\n<p>O encerramento do encontro ocorreu na sexta-feira (07), com assembleia geral da Astur\/PE e visitas t\u00e9cnicas pela Rota da F\u00e9 em Paudalho, reconhecida pelo valor religioso, hist\u00f3rico e cultural da cidade. A jornada finalizou no Santu\u00e1rio de S\u00e3o Severino do Ramo, um dos principais destinos do turismo religioso em Pernambuco.<\/p>\n<p>De acordo com a presidente da Astur\/PE, Anayran Santos, \u201cOs encontros promovidos pela Astur fortalecem o trabalho em rede, estimulam a uni\u00e3o e promovem a integra\u00e7\u00e3o entre os munic\u00edpios e os destinos tur\u00edsticos de Pernambuco. \u00c9 dessa constru\u00e7\u00e3o coletiva, com troca de experi\u00eancias e planejamento, que nasce um turismo mais forte, mais qualificado e com mais oportunidades para todos.\u201d<\/p>\n<p>O 4\u00ba Encontro reafirmou o compromisso da Astur\/PE com a governan\u00e7a colaborativa, o interc\u00e2mbio de experi\u00eancias e o desenvolvimento sustent\u00e1vel do turismo em todas as regi\u00f5es de Pernambuco.<br \/>\nSiga o Instagram @portaledvaldomagalhaes<br \/>\nFoto: Arthur Marrocos<\/p>\n","protected":false},"excerpt":{"rendered":"<p>A Associa\u00e7\u00e3o dos Secret\u00e1rios e Dirigentes de Turismo de Pernambuco (Astur\/PE) realizou, entre os dias 5 e 7 de novembro&hellip;<\/p>\n","protected":false},"author":1,"featured_media":124547,"comment_status":"closed","ping_status":"open","sticky":false,"template":"","format":"standard","meta":{"footnotes":""},"categories":[14120],"tags":[35233,13146,20,34634],"class_list":["post-124546","post","type-post","status-publish","format-standard","has-post-thumbnail","hentry","category-noticias","tag-4o-encontro-de-secretarios-e-dirigentes-municipais-de-turismo-de-pernambuco-reuniu-gestores-em-paudalho-entre-5-e-7-de-novembro","tag-blog-edvaldo-magalhaes","tag-politica","tag-portal-edvaldo-magalhaes"],"_links":{"self":[{"href":"https:\/\/blogdoedvaldomagalhaes.com.br\/index.php\/wp-json\/wp\/v2\/posts\/124546","targetHints":{"allow":["GET"]}}],"collection":[{"href":"https:\/\/blogdoedvaldomagalhaes.com.br\/index.php\/wp-json\/wp\/v2\/posts"}],"about":[{"href":"https:\/\/blogdoedvaldomagalhaes.com.br\/index.php\/wp-json\/wp\/v2\/types\/post"}],"author":[{"embeddable":true,"href":"https:\/\/blogdoedvaldomagalhaes.com.br\/index.php\/wp-json\/wp\/v2\/users\/1"}],"replies":[{"embeddable":true,"href":"https:\/\/blogdoedvaldomagalhaes.com.br\/index.php\/wp-json\/wp\/v2\/comments?post=124546"}],"version-history":[{"count":3,"href":"https:\/\/blogdoedvaldomagalhaes.com.br\/index.php\/wp-json\/wp\/v2\/posts\/124546\/revisions"}],"predecessor-version":[{"id":124550,"href":"https:\/\/blogdoedvaldomagalhaes.com.br\/index.php\/wp-json\/wp\/v2\/posts\/124546\/revisions\/124550"}],"wp:featuredmedia":[{"embeddable":true,"href":"https:\/\/blogdoedvaldomagalhaes.com.br\/index.php\/wp-json\/wp\/v2\/media\/124547"}],"wp:attachment":[{"href":"https:\/\/blogdoedvaldomagalhaes.com.br\/index.php\/wp-json\/wp\/v2\/media?parent=124546"}],"wp:term":[{"taxonomy":"category","embeddable":true,"href":"https:\/\/blogdoedvaldomagalhaes.com.br\/index.php\/wp-json\/wp\/v2\/categories?post=124546"},{"taxonomy":"post_tag","embeddable":true,"href":"https:\/\/blogdoedvaldomagalhaes.com.br\/index.php\/wp-json\/wp\/v2\/tags?post=124546"}],"curies":[{"name":"wp","href":"https:\/\/api.w.org\/{rel}","templated":true}]}}