{"id":124543,"date":"2025-11-08T22:45:54","date_gmt":"2025-11-09T01:45:54","guid":{"rendered":"https:\/\/blogdoedvaldomagalhaes.com.br\/?p=124543"},"modified":"2025-11-08T22:45:54","modified_gmt":"2025-11-09T01:45:54","slug":"um-local-e-atrativo-para-turistas-quando-tambem-e-bom-para-seus-moradores-enfatizou-a-governadora-raquel-lyra-no-lancamento-do-projeto-de-descarbonizacao-de-fernando-de-noronha","status":"publish","type":"post","link":"https:\/\/blogdoedvaldomagalhaes.com.br\/index.php\/2025\/11\/08\/um-local-e-atrativo-para-turistas-quando-tambem-e-bom-para-seus-moradores-enfatizou-a-governadora-raquel-lyra-no-lancamento-do-projeto-de-descarbonizacao-de-fernando-de-noronha\/","title":{"rendered":"\u201cUm local \u00e9 atrativo para turistas quando tamb\u00e9m \u00e9 bom para seus moradores\u201d, enfatizou a governadora Raquel Lyra no lan\u00e7amento do projeto de descarboniza\u00e7\u00e3o de Fernando de Noronha"},"content":{"rendered":"<p>A governadora Raquel Lyra participou, neste s\u00e1bado (08.11), do lan\u00e7amento das obras da Usina Solar Noronha Verde, um marco para a transi\u00e7\u00e3o energ\u00e9tica no arquip\u00e9lago e para o in\u00edcio da descarboniza\u00e7\u00e3o de Fernando de Noronha. Atendendo a uma solicita\u00e7\u00e3o da chefe do Executivo estadual, a Neoenergia deu in\u00edcio ao projeto que tornar\u00e1 Noronha a primeira ilha oce\u00e2nica habitada da Am\u00e9rica Latina com gera\u00e7\u00e3o de energia totalmente limpa at\u00e9 2027. Comandada pelo presidente-executivo da Iberdrola, Ignacio Gal\u00e1n, a solenidade tamb\u00e9m contou com as presen\u00e7as dos ministros de Minas e Energia, Alexandre Silveira, e da Defesa, Jos\u00e9 M\u00facio Monteiro.<\/p>\n<p>\u201cEste projeto se soma aos mais de R$ 500 milh\u00f5es investidos pelo Governo de Pernambuco em Fernando de Noronha. Acreditamos que um local \u00e9 atrativo para turistas quando tamb\u00e9m \u00e9 bom para seus moradores. Por isso, estamos focados em cuidar da ilha e de seus habitantes, garantindo tamb\u00e9m aos visitantes uma experi\u00eancia segura, confort\u00e1vel e memor\u00e1vel, incentivando o retorno\u201d, destacou a governadora Raquel Lyra.<\/p>\n<p>Com investimento de R$ 350 milh\u00f5es, a iniciativa prev\u00ea a instala\u00e7\u00e3o de mais de 30 mil pain\u00e9is solares fotovoltaicos, integrados a sistemas avan\u00e7ados de armazenamento por baterias, reduzindo a depend\u00eancia do uso de combust\u00edveis f\u00f3sseis, e dobrando a capacidade de gera\u00e7\u00e3o de energia na ilha.<\/p>\n<p>O ministro de Minas e Energia, Alexandre Silveira, pontuou que o lan\u00e7amento do projeto acontece em um momento estrat\u00e9gico para o pa\u00eds, \u00e0s v\u00e9speras da COP 30, que ser\u00e1 realizada no Brasil. \u201cFernando de Noronha d\u00e1 exemplo para o mundo. Todas essas iniciativas s\u00e3o fundamentais para a sustentabilidade do mundo, do estado de Pernambuco e do arquip\u00e9lago\u201d, enfatizou. <\/p>\n<p>Com capacidade de gera\u00e7\u00e3o de 22 MWp e 49 MWh de armazenamento no sistema BESS, a nova planta fotovoltaica poder\u00e1 abastecer o equivalente ao consumo de 9 mil resid\u00eancias no continente.<\/p>\n<p>\u201cEssa iniciativa reafirma o protagonismo da Neoenergia com a descarboniza\u00e7\u00e3o e mostra o comprometimento da empresa em preservar santu\u00e1rios ecol\u00f3gicos como Fernando de Noronha\u201d, ressaltou o CEO da Neoenergia, Eduardo Capelastegui. O presidente executivo da Iberdrola, Ign\u00e1cio Gal\u00e1n, complementou. \u201cEstamos construindo algo novo para a humanidade, mostrando que \u00e9 poss\u00edvel ter um mundo mais sustent\u00e1vel, com uma energia mais limpa, eficiente e competitiva\u201d, finalizou. <\/p>\n<p>A implanta\u00e7\u00e3o ser\u00e1 realizada em duas fases: a primeira entra em opera\u00e7\u00e3o at\u00e9 maio de 2026 e a segunda, em 2027. O projeto foi licenciado pela Ag\u00eancia Estadual de Meio Ambiente de Pernambuco (CPRH), com anu\u00eancia do ICMBio, gestor das Unidades de Conserva\u00e7\u00e3o Federal.<\/p>\n<p>Para o secret\u00e1rio de Desenvolvimento Econ\u00f4mico, Guilherme Cavalcanti, o projeto simboliza um novo cap\u00edtulo para Fernando de Noronha. \u201cEstamos dobrando a capacidade de gera\u00e7\u00e3o de energia da ilha. \u00c9 um passo gigante e definitivo rumo ao futuro\u201d, acrescentou. \u201cAl\u00e9m de refor\u00e7ar o compromisso com a sustentabilidade, \u00e9 tamb\u00e9m um investimento estrat\u00e9gico em infraestrutura, ampliando a capacidade energ\u00e9tica e fortalecendo as bases para o futuro crescimento tur\u00edstico da ilha\u201d, concluiu o administrador do arquip\u00e9lago, Virg\u00edlio Oliveira. <\/p>\n<p>Durante a solenidade, tamb\u00e9m foi entregue a primeira Usina Solar Fotovoltaica Flutuante do arquip\u00e9lago, instalada no espelho d\u2019\u00e1gua do A\u00e7ude do Xar\u00e9u. A usina tem pot\u00eancia de 622 kWp e gera\u00e7\u00e3o estimada de 1.083 MWh\/ano, suficiente para suprir cerca de 30% do consumo de energia da Companhia Pernambucana de Saneamento (Compesa) na ilha e evitar a emiss\u00e3o de 717 toneladas de CO\u2082 por ano.<\/p>\n<p>Presente no evento, o deputado federal Waldemar Oliveira, enalteceu a iniciativa. \u201cEssa \u00e9 uma a\u00e7\u00e3o que vai reduzir a emiss\u00e3o de CO\u2082, trazer energia limpa, e, depois, tamb\u00e9m carros sustent\u00e1veis. Essa era uma ilha que estava esquecida, mas nesse governo est\u00e1 tendo um novo olhar\u201d, disse o parlamentar. A deputada estadual D\u00e9bora Almeida tamb\u00e9m prestigiou a cerim\u00f4nia.<\/p>\n<p>*VISITAS -* Durante visita ao arquip\u00e9lago, a governadora vistoriou as obras do novo ambulat\u00f3rio do Hospital S\u00e3o Lucas. A amplia\u00e7\u00e3o visa aprimorar a infraestrutura f\u00edsica e assistencial, ampliando sua capacidade de atendimento \u00e0 popula\u00e7\u00e3o local e aos visitantes. <\/p>\n<p>\u201cA gente segue com um investimento de R$ 7,5 milh\u00f5es, n\u00e3o apenas para equipar todo o bloco cir\u00fargico que ser\u00e1 entregue, mas tamb\u00e9m para trazer um novo tom\u00f3grafo para a ilha. Al\u00e9m disso, vamos substituir o aparelho de raio-X e o de ultrassom, que s\u00e3o muito antigos, garantindo que todos os equipamentos estejam adequados para atender \u00e0s necessidades da popula\u00e7\u00e3o\u201d, detalhou a secret\u00e1ria de Sa\u00fade, Zilda Cavalcanti.<\/p>\n<p>Em seguida, a gestora visitou a obra de amplia\u00e7\u00e3o e moderniza\u00e7\u00e3o do sistema de esgotamento sanit\u00e1rio do arquip\u00e9lago que est\u00e1 em fase de execu\u00e7\u00e3o. Na etapa atual, est\u00e3o sendo realizadas as atividades de concretagem das bases dos tanques, a\u00e7\u00e3o fundamental para a estrutura\u00e7\u00e3o das unidades operacionais da nova Esta\u00e7\u00e3o de Tratamento de Esgoto (ETE) Boldr\u00f3.<br \/>\nSiga o Instagram @portaledvaldomagalhaes<br \/>\nFoto: Yacy Ribeiro\/Secom<\/p>\n","protected":false},"excerpt":{"rendered":"<p>A governadora Raquel Lyra participou, neste s\u00e1bado (08.11), do lan\u00e7amento das obras da Usina Solar Noronha Verde, um marco para&hellip;<\/p>\n","protected":false},"author":1,"featured_media":124544,"comment_status":"closed","ping_status":"open","sticky":false,"template":"","format":"standard","meta":{"footnotes":""},"categories":[14122],"tags":[35231,13146,35232,20,34634],"class_list":["post-124543","post","type-post","status-publish","format-standard","has-post-thumbnail","hentry","category-politica","tag-um-local-e-atrativo-para-turistas-quando-tambem-e-bom-para-seus-moradores","tag-blog-edvaldo-magalhaes","tag-enfatizou-a-governadora-raquel-lyra-no-lancamento-do-projeto-de-descarbonizacao-de-fernando-de-noronha","tag-politica","tag-portal-edvaldo-magalhaes"],"_links":{"self":[{"href":"https:\/\/blogdoedvaldomagalhaes.com.br\/index.php\/wp-json\/wp\/v2\/posts\/124543","targetHints":{"allow":["GET"]}}],"collection":[{"href":"https:\/\/blogdoedvaldomagalhaes.com.br\/index.php\/wp-json\/wp\/v2\/posts"}],"about":[{"href":"https:\/\/blogdoedvaldomagalhaes.com.br\/index.php\/wp-json\/wp\/v2\/types\/post"}],"author":[{"embeddable":true,"href":"https:\/\/blogdoedvaldomagalhaes.com.br\/index.php\/wp-json\/wp\/v2\/users\/1"}],"replies":[{"embeddable":true,"href":"https:\/\/blogdoedvaldomagalhaes.com.br\/index.php\/wp-json\/wp\/v2\/comments?post=124543"}],"version-history":[{"count":1,"href":"https:\/\/blogdoedvaldomagalhaes.com.br\/index.php\/wp-json\/wp\/v2\/posts\/124543\/revisions"}],"predecessor-version":[{"id":124545,"href":"https:\/\/blogdoedvaldomagalhaes.com.br\/index.php\/wp-json\/wp\/v2\/posts\/124543\/revisions\/124545"}],"wp:featuredmedia":[{"embeddable":true,"href":"https:\/\/blogdoedvaldomagalhaes.com.br\/index.php\/wp-json\/wp\/v2\/media\/124544"}],"wp:attachment":[{"href":"https:\/\/blogdoedvaldomagalhaes.com.br\/index.php\/wp-json\/wp\/v2\/media?parent=124543"}],"wp:term":[{"taxonomy":"category","embeddable":true,"href":"https:\/\/blogdoedvaldomagalhaes.com.br\/index.php\/wp-json\/wp\/v2\/categories?post=124543"},{"taxonomy":"post_tag","embeddable":true,"href":"https:\/\/blogdoedvaldomagalhaes.com.br\/index.php\/wp-json\/wp\/v2\/tags?post=124543"}],"curies":[{"name":"wp","href":"https:\/\/api.w.org\/{rel}","templated":true}]}}