{"id":124540,"date":"2025-11-08T22:39:46","date_gmt":"2025-11-09T01:39:46","guid":{"rendered":"https:\/\/blogdoedvaldomagalhaes.com.br\/?p=124540"},"modified":"2025-11-08T22:39:46","modified_gmt":"2025-11-09T01:39:46","slug":"governo-pe-nomeia-717-novos-servidores-para-a-policia-civil-procuradoria-geral-do-estado-e-secretaria-de-educacao","status":"publish","type":"post","link":"https:\/\/blogdoedvaldomagalhaes.com.br\/index.php\/2025\/11\/08\/governo-pe-nomeia-717-novos-servidores-para-a-policia-civil-procuradoria-geral-do-estado-e-secretaria-de-educacao\/","title":{"rendered":"Governo-PE nomeia 717 novos servidores para a Pol\u00edcia Civil, Procuradoria Geral do Estado e Secretaria de Educa\u00e7\u00e3o"},"content":{"rendered":"<p>A nomea\u00e7\u00e3o de 717 servidores aprovados em concursos p\u00fablicos realizados pelo Governo de Pernambuco foi publicada na edi\u00e7\u00e3o do Di\u00e1rio Oficial do Estado deste s\u00e1bado (8). Do total, 419 cargos s\u00e3o para a Pol\u00edcia Civil, contemplando 49 delegados, 141 escriv\u00e3es e 229 agentes. A autoriza\u00e7\u00e3o tamb\u00e9m convoca 40 novos integrantes da Procuradoria Geral do Estado (PGE) e 258 analistas e assistentes de educa\u00e7\u00e3o substitutos na Secretaria de Educa\u00e7\u00e3o.<\/p>\n<p>\u201cS\u00e3o mais de 700 novos servidores estaduais que representam mais um passo no fortalecimento do nosso servi\u00e7o p\u00fablico. Com isso, vamos fortalecer a nossa seguran\u00e7a p\u00fablica, com mais efetivo e servidores que v\u00e3o atuar na prote\u00e7\u00e3o do povo pernambucano. Estamos ampliando ainda a capacidade t\u00e9cnica do Estado, garantindo mais efici\u00eancia e qualidade na atua\u00e7\u00e3o da PGE e na Educa\u00e7\u00e3o, que \u00e9 prioridade no nosso governo. O resultado \u00e9 um governo mais preparado para planejar, executar e entregar pol\u00edticas p\u00fablicas que transformam a vida do nosso povo\u201d, destacou a governadora Raquel Lyra.<\/p>\n<p>Os novos servidores da Pol\u00edcia Civil representam um avan\u00e7o na reestrutura\u00e7\u00e3o das for\u00e7as de seguran\u00e7a, com novos delegados, agentes e escriv\u00e3es prontos para refor\u00e7ar o trabalho da Pol\u00edcia Civil. \u201cOs novos policiais ir\u00e3o ampliar o efetivo da corpora\u00e7\u00e3o e refor\u00e7ar a seguran\u00e7a p\u00fablica de Pernambuco. Isso \u00e9 parte da pol\u00edtica estruturante do Juntos pela Seguran\u00e7a, que tem melhorado os servi\u00e7os prestados \u00e0 popula\u00e7\u00e3o\u201d, apontou o secret\u00e1rio de Defesa Social, Alessandro Carvalho. <\/p>\n<p>*PROCURADORIA* \u2013 Na PGE, os novos servidores ir\u00e3o atuar nas procuradorias especializadas da institui\u00e7\u00e3o, distribu\u00eddos da seguinte forma: 17 analistas judici\u00e1rios de procuradoria, 6 analistas administrativos de procuradoria (gest\u00e3o p\u00fablica), 1 analista administrativo de procuradoria (engenharia), 1 analista administrativo de procuradoria (calculista) e 15 assistentes de procuradoria.<\/p>\n<p>&#8220;A chegada desses novos profissionais \u00e9 essencial para aprimorar o trabalho desenvolvido pela Procuradoria e ampliar a capacidade de resposta da institui\u00e7\u00e3o \u00e0s demandas do Estado&#8221;, afirmou a procuradora-geral do Estado, Bianca Teixeira.<\/p>\n<p>*EDUCA\u00c7\u00c3O* \u2013 J\u00e1 na Secretaria de Educa\u00e7\u00e3o, s\u00e3o 216 assistentes administrativos educacionais e 42 analistas em gest\u00e3o educacional, sendo 19 da especialidade Geral, 11 de Direito, 11 de Pedagogia e um de Nutri\u00e7\u00e3o. Desde 2023, a SEE fez uma nomea\u00e7\u00e3o recorde de professores e profissionais da educa\u00e7\u00e3o. S\u00e3o 12.799, entre professores da educa\u00e7\u00e3o b\u00e1sica (9.082), analistas (1.754), assistentes (1.644), docentes de M\u00fasica (110) e Educa\u00e7\u00e3o Especial (209).<\/p>\n<p>Ap\u00f3s a publica\u00e7\u00e3o da nomea\u00e7\u00e3o, os convocados dever\u00e3o manifestar interesse em assumir os cargos, etapa que antecede a posse e o in\u00edcio do exerc\u00edcio das fun\u00e7\u00f5es. Os nomeados ter\u00e3o at\u00e9 30 dias para tomar posse ou solicitar prorroga\u00e7\u00e3o do prazo. Caso n\u00e3o o fa\u00e7am dentro desse per\u00edodo, perder\u00e3o o direito \u00e0 nomea\u00e7\u00e3o. Foto: Divulga\u00e7\u00e3o\/SDS.<br \/>\nSiga o Instagram @portaledvaldomagalhaes<\/p>\n","protected":false},"excerpt":{"rendered":"<p>A nomea\u00e7\u00e3o de 717 servidores aprovados em concursos p\u00fablicos realizados pelo Governo de Pernambuco foi publicada na edi\u00e7\u00e3o do Di\u00e1rio&hellip;<\/p>\n","protected":false},"author":1,"featured_media":124541,"comment_status":"closed","ping_status":"open","sticky":false,"template":"","format":"standard","meta":{"footnotes":""},"categories":[14120],"tags":[13146,35229,34634,35230],"class_list":["post-124540","post","type-post","status-publish","format-standard","has-post-thumbnail","hentry","category-noticias","tag-blog-edvaldo-magalhaes","tag-governo-pe-nomeia-717-novos-servidores-para-a-policia-civil","tag-portal-edvaldo-magalhaes","tag-procuradoria-geral-do-estado-e-secretaria-de-educacao"],"_links":{"self":[{"href":"https:\/\/blogdoedvaldomagalhaes.com.br\/index.php\/wp-json\/wp\/v2\/posts\/124540","targetHints":{"allow":["GET"]}}],"collection":[{"href":"https:\/\/blogdoedvaldomagalhaes.com.br\/index.php\/wp-json\/wp\/v2\/posts"}],"about":[{"href":"https:\/\/blogdoedvaldomagalhaes.com.br\/index.php\/wp-json\/wp\/v2\/types\/post"}],"author":[{"embeddable":true,"href":"https:\/\/blogdoedvaldomagalhaes.com.br\/index.php\/wp-json\/wp\/v2\/users\/1"}],"replies":[{"embeddable":true,"href":"https:\/\/blogdoedvaldomagalhaes.com.br\/index.php\/wp-json\/wp\/v2\/comments?post=124540"}],"version-history":[{"count":1,"href":"https:\/\/blogdoedvaldomagalhaes.com.br\/index.php\/wp-json\/wp\/v2\/posts\/124540\/revisions"}],"predecessor-version":[{"id":124542,"href":"https:\/\/blogdoedvaldomagalhaes.com.br\/index.php\/wp-json\/wp\/v2\/posts\/124540\/revisions\/124542"}],"wp:featuredmedia":[{"embeddable":true,"href":"https:\/\/blogdoedvaldomagalhaes.com.br\/index.php\/wp-json\/wp\/v2\/media\/124541"}],"wp:attachment":[{"href":"https:\/\/blogdoedvaldomagalhaes.com.br\/index.php\/wp-json\/wp\/v2\/media?parent=124540"}],"wp:term":[{"taxonomy":"category","embeddable":true,"href":"https:\/\/blogdoedvaldomagalhaes.com.br\/index.php\/wp-json\/wp\/v2\/categories?post=124540"},{"taxonomy":"post_tag","embeddable":true,"href":"https:\/\/blogdoedvaldomagalhaes.com.br\/index.php\/wp-json\/wp\/v2\/tags?post=124540"}],"curies":[{"name":"wp","href":"https:\/\/api.w.org\/{rel}","templated":true}]}}