{"id":124537,"date":"2025-11-08T22:34:42","date_gmt":"2025-11-09T01:34:42","guid":{"rendered":"https:\/\/blogdoedvaldomagalhaes.com.br\/?p=124537"},"modified":"2025-11-08T22:34:42","modified_gmt":"2025-11-09T01:34:42","slug":"policia-federal-autuada-autonomo-preso-por-policiais-militares-com-notas-falsas-em-cumaru","status":"publish","type":"post","link":"https:\/\/blogdoedvaldomagalhaes.com.br\/index.php\/2025\/11\/08\/policia-federal-autuada-autonomo-preso-por-policiais-militares-com-notas-falsas-em-cumaru\/","title":{"rendered":"Pol\u00edcia Federal autuada aut\u00f4nomo preso por policiais militares com notas falsas em Cumaru"},"content":{"rendered":"<p>A Pol\u00edcia Federal autuou em flagrante, na \u00faltima ter\u00e7a-feira (05\/11), um aut\u00f4nomo, de 27 anos, natural de S\u00e3o Paulo e residente em Agrestina\/PE, o qual foi preso por policiais militares lotados na 6\u00aa CIPM de Limoeiro\/PE quando estavam fazendo rondas no munic\u00edpio de Cumaru\/PE. Os militares receberam informa\u00e7\u00f5es de que um suspeito havia tentado comprar produtos numa farm\u00e1cia utilizando uma c\u00e9dula falsa de R$ 200 (duzentos) reais bem como em outras localidades do com\u00e9rcio local de Cumaru\/PE. Ap\u00f3s diligencias os militares lograram \u00eaxito em identificar e prender o suspeito que passou a dar vers\u00f5es conflitantes e ao perceber que o aut\u00f4nomo estava com a chave de um ve\u00edculo gol locado, e ao ser feita uma busca minuciosa foi encontrado mais 15 (quinze) c\u00e9dulas de R$ 200 reais falsas, totalizando a quantia de R$ 3.200 reais em notas falsas. Al\u00e9m das notas falsas tamb\u00e9m foi apreendido um aparelho celular e a quantia de R$ 367 reais em notas aut\u00eanticas, possivelmente por troco recebido utilizando as notas falsas. <\/p>\n<p>Em seu interrogat\u00f3rio o preso informou que adquiriu as notas falsas na feira da Sulanca de Caruaru\/PE, de uma pessoa que nunca tinha visto num total de R$ 4.000,00 (quatro mil reais), em c\u00e9dulas de valores menores, e 16 (dezesseis) c\u00e9dulas de R$ 200,00 (duzentos reais), porque achou as c\u00e9dulas de R$ 200,00 (duzentos reais) \u201cbonitinhas\u201d, mas n\u00e3o sabia que eram falsas; <\/p>\n<p>O preso possui antecedentes criminais, j\u00e1 foi preso duas vezes, a primeira vez, em 2017, por porte ilegal de arma de fogo. Em 2018, foi preso novamente, por porte ilegal de arma de fogo e assalto, onde permaneceu por tr\u00eas anos e sete meses na Penitenci\u00e1ria Juiz Pl\u00e1cido de Sousa, sendo solto desde agosto de 2024, em regime condicional. E no m\u00eas passado foi conduzido at\u00e9 \u00e0 Delegacia de Porto de Galinhas\/PE, sob suspeita de ter usado tr\u00eas c\u00e9dulas falsas de R$ 200,00 (duzentos reais), numa pousada que se hospedou. As condena\u00e7\u00f5es nos dois processos s\u00e3o de quatorze anos e onze meses.<\/p>\n<p>Terminado os trabalhos ostensivos o aut\u00f4nomo foi preso e conduzido pelos policiais militares at\u00e9 a Delegacia da Pol\u00edcia Federal em Caruaru\/PE, onde foi autuado em flagrante pelo crime de adquirir moeda falsa. A Pol\u00edcia Federal alerta que o delito de moeda falsa \u00e9 um crime grave previsto no Artigo 289, par\u00e1grafo primeiro, do C\u00f3digo Penal Brasileiro-CPB, o qual prev\u00ea pena de reclus\u00e3o de 3 a 12 anos e multa, n\u00e3o cabendo, portanto, o pagamento de fian\u00e7a. O preso j\u00e1 passou por audi\u00eancia de cust\u00f3dia onde foi confirmada a sua pris\u00e3o preventiva, sendo encaminhado ao pres\u00eddio local.<br \/>\nSeja seguidor do Instagram @portaledvaldomagalhaes<br \/>\nFoto: Divulga\u00e7\u00e3o\/PF<\/p>\n","protected":false},"excerpt":{"rendered":"<p>A Pol\u00edcia Federal autuou em flagrante, na \u00faltima ter\u00e7a-feira (05\/11), um aut\u00f4nomo, de 27 anos, natural de S\u00e3o Paulo e&hellip;<\/p>\n","protected":false},"author":1,"featured_media":124538,"comment_status":"closed","ping_status":"open","sticky":false,"template":"","format":"standard","meta":{"footnotes":""},"categories":[14121],"tags":[13146,35228,34634],"class_list":["post-124537","post","type-post","status-publish","format-standard","has-post-thumbnail","hentry","category-policial","tag-blog-edvaldo-magalhaes","tag-policia-federal-autuada-autonomo-preso-por-policiais-militares-com-notas-falsas-em-cumaru","tag-portal-edvaldo-magalhaes"],"_links":{"self":[{"href":"https:\/\/blogdoedvaldomagalhaes.com.br\/index.php\/wp-json\/wp\/v2\/posts\/124537","targetHints":{"allow":["GET"]}}],"collection":[{"href":"https:\/\/blogdoedvaldomagalhaes.com.br\/index.php\/wp-json\/wp\/v2\/posts"}],"about":[{"href":"https:\/\/blogdoedvaldomagalhaes.com.br\/index.php\/wp-json\/wp\/v2\/types\/post"}],"author":[{"embeddable":true,"href":"https:\/\/blogdoedvaldomagalhaes.com.br\/index.php\/wp-json\/wp\/v2\/users\/1"}],"replies":[{"embeddable":true,"href":"https:\/\/blogdoedvaldomagalhaes.com.br\/index.php\/wp-json\/wp\/v2\/comments?post=124537"}],"version-history":[{"count":1,"href":"https:\/\/blogdoedvaldomagalhaes.com.br\/index.php\/wp-json\/wp\/v2\/posts\/124537\/revisions"}],"predecessor-version":[{"id":124539,"href":"https:\/\/blogdoedvaldomagalhaes.com.br\/index.php\/wp-json\/wp\/v2\/posts\/124537\/revisions\/124539"}],"wp:featuredmedia":[{"embeddable":true,"href":"https:\/\/blogdoedvaldomagalhaes.com.br\/index.php\/wp-json\/wp\/v2\/media\/124538"}],"wp:attachment":[{"href":"https:\/\/blogdoedvaldomagalhaes.com.br\/index.php\/wp-json\/wp\/v2\/media?parent=124537"}],"wp:term":[{"taxonomy":"category","embeddable":true,"href":"https:\/\/blogdoedvaldomagalhaes.com.br\/index.php\/wp-json\/wp\/v2\/categories?post=124537"},{"taxonomy":"post_tag","embeddable":true,"href":"https:\/\/blogdoedvaldomagalhaes.com.br\/index.php\/wp-json\/wp\/v2\/tags?post=124537"}],"curies":[{"name":"wp","href":"https:\/\/api.w.org\/{rel}","templated":true}]}}