{"id":124534,"date":"2025-11-08T22:02:40","date_gmt":"2025-11-09T01:02:40","guid":{"rendered":"https:\/\/blogdoedvaldomagalhaes.com.br\/?p=124534"},"modified":"2025-11-08T22:02:40","modified_gmt":"2025-11-09T01:02:40","slug":"inscricoes-abertas-para-curso-organizacao-e-participacao-comunitaria-construindo-autonomias-para-o-desenvolvimento-rural-sustentavel","status":"publish","type":"post","link":"https:\/\/blogdoedvaldomagalhaes.com.br\/index.php\/2025\/11\/08\/inscricoes-abertas-para-curso-organizacao-e-participacao-comunitaria-construindo-autonomias-para-o-desenvolvimento-rural-sustentavel\/","title":{"rendered":"Inscri\u00e7\u00f5es abertas para curso \u201cOrganiza\u00e7\u00e3o e Participa\u00e7\u00e3o Comunit\u00e1ria: construindo autonomias para o desenvolvimento rural sustent\u00e1vel\u201d"},"content":{"rendered":"<p>A Prefeitura de Caruaru, por meio da Secretaria de Desenvolvimento Rural (SDR), em parceria com o NEPEACS \u2013 N\u00facleo de Estudos, Pesquisa e Extens\u00e3o em Agroecologia do Instituto Federal de Pernambuco (IFPE), realiza o curso \u201cOrganiza\u00e7\u00e3o e Participa\u00e7\u00e3o Comunit\u00e1ria: construindo autonomias para o desenvolvimento rural sustent\u00e1vel\u201d.<\/p>\n<p>A forma\u00e7\u00e3o acontece nos dias 11 e 25 de novembro e 2 de dezembro, reunindo agricultores familiares, assentados da reforma agr\u00e1ria e comunidades quilombolas. Com 40 horas de atividades, utiliza metodologias participativas, como o m\u00e9todo Campon\u00eas a Campon\u00eas, para construir solu\u00e7\u00f5es coletivas para os desafios produtivos, sociais e ambientais das comunidades. <\/p>\n<p>As vagas s\u00e3o limitadas e as inscri\u00e7\u00f5es podem ser feitas pelo link: https:\/\/docs.google.com\/forms\/d\/e\/1FAIpQLScxoMlV6e1DJAZm80D8ipkuNuMW8l53fZrkd2je8DWYbzGV6Q\/viewform<\/p>\n<p>\u201cEssa parceria refor\u00e7a o compromisso da gest\u00e3o em apoiar o desenvolvimento rural de forma sustent\u00e1vel, valorizando o conhecimento das comunidades e estimulando a autonomia das fam\u00edlias agricultoras\u201d, destacou o secret\u00e1rio de Desenvolvimento Rural, Weslley Nascimento.<br \/>\nSeja seguidor do Instagram @portaledvaldomagalhaes<br \/>\nCard: Divulga\u00e7\u00e3o <\/p>\n","protected":false},"excerpt":{"rendered":"<p>A Prefeitura de Caruaru, por meio da Secretaria de Desenvolvimento Rural (SDR), em parceria com o NEPEACS \u2013 N\u00facleo de&hellip;<\/p>\n","protected":false},"author":1,"featured_media":124535,"comment_status":"closed","ping_status":"open","sticky":false,"template":"","format":"standard","meta":{"footnotes":""},"categories":[14120],"tags":[13146,35227,34634],"class_list":["post-124534","post","type-post","status-publish","format-standard","has-post-thumbnail","hentry","category-noticias","tag-blog-edvaldo-magalhaes","tag-curso-organizacao-e-participacao-comunitaria-construindo-autonomias-para-o-desenvolvimento-rural-sustentavel","tag-portal-edvaldo-magalhaes"],"_links":{"self":[{"href":"https:\/\/blogdoedvaldomagalhaes.com.br\/index.php\/wp-json\/wp\/v2\/posts\/124534","targetHints":{"allow":["GET"]}}],"collection":[{"href":"https:\/\/blogdoedvaldomagalhaes.com.br\/index.php\/wp-json\/wp\/v2\/posts"}],"about":[{"href":"https:\/\/blogdoedvaldomagalhaes.com.br\/index.php\/wp-json\/wp\/v2\/types\/post"}],"author":[{"embeddable":true,"href":"https:\/\/blogdoedvaldomagalhaes.com.br\/index.php\/wp-json\/wp\/v2\/users\/1"}],"replies":[{"embeddable":true,"href":"https:\/\/blogdoedvaldomagalhaes.com.br\/index.php\/wp-json\/wp\/v2\/comments?post=124534"}],"version-history":[{"count":1,"href":"https:\/\/blogdoedvaldomagalhaes.com.br\/index.php\/wp-json\/wp\/v2\/posts\/124534\/revisions"}],"predecessor-version":[{"id":124536,"href":"https:\/\/blogdoedvaldomagalhaes.com.br\/index.php\/wp-json\/wp\/v2\/posts\/124534\/revisions\/124536"}],"wp:featuredmedia":[{"embeddable":true,"href":"https:\/\/blogdoedvaldomagalhaes.com.br\/index.php\/wp-json\/wp\/v2\/media\/124535"}],"wp:attachment":[{"href":"https:\/\/blogdoedvaldomagalhaes.com.br\/index.php\/wp-json\/wp\/v2\/media?parent=124534"}],"wp:term":[{"taxonomy":"category","embeddable":true,"href":"https:\/\/blogdoedvaldomagalhaes.com.br\/index.php\/wp-json\/wp\/v2\/categories?post=124534"},{"taxonomy":"post_tag","embeddable":true,"href":"https:\/\/blogdoedvaldomagalhaes.com.br\/index.php\/wp-json\/wp\/v2\/tags?post=124534"}],"curies":[{"name":"wp","href":"https:\/\/api.w.org\/{rel}","templated":true}]}}