{"id":124532,"date":"2025-11-08T21:53:59","date_gmt":"2025-11-09T00:53:59","guid":{"rendered":"https:\/\/blogdoedvaldomagalhaes.com.br\/?p=124532"},"modified":"2025-11-08T21:53:59","modified_gmt":"2025-11-09T00:53:59","slug":"prefeitura-na-porta-leva-servicos-de-zeladoria-ao-sao-joao-da-escocia","status":"publish","type":"post","link":"https:\/\/blogdoedvaldomagalhaes.com.br\/index.php\/2025\/11\/08\/prefeitura-na-porta-leva-servicos-de-zeladoria-ao-sao-joao-da-escocia\/","title":{"rendered":"\u201cPrefeitura na Porta\u201d leva servi\u00e7os de zeladoria ao S\u00e3o Jo\u00e3o da Esc\u00f3cia"},"content":{"rendered":"<p>A Prefeitura de Caruaru, por meio da Secretaria de Servi\u00e7os P\u00fablicos (Sesp), realiza nesta ter\u00e7a-feira (11) mais uma edi\u00e7\u00e3o do programa \u201cPrefeitura na Porta\u201d, desta vez no bairro S\u00e3o Jo\u00e3o da Esc\u00f3cia. A a\u00e7\u00e3o segue transformando os bairros com servi\u00e7os que j\u00e1 beneficiaram milhares de moradores em toda a cidade.<\/p>\n<p>Durante os pr\u00f3ximos dias, as equipes atuar\u00e3o em diversas frentes, com capina\u00e7\u00e3o, varri\u00e7\u00e3o, pintura de meio-fio, limpeza de rios e canais, poda de \u00e1rvores, manuten\u00e7\u00e3o na ilumina\u00e7\u00e3o p\u00fablica, coleta seletiva e a\u00e7\u00f5es de conscientiza\u00e7\u00e3o ambiental. O castram\u00f3vel tamb\u00e9m estar\u00e1 no local, ampliando o atendimento aos tutores e o cuidado com os animais.<\/p>\n<p>Para o secret\u00e1rio de Servi\u00e7os P\u00fablicos, Vital Flor\u00eancio, o programa \u00e9 reflexo do compromisso da gest\u00e3o com os caruaruenses. \u201cO Prefeitura na Porta segue uma programa\u00e7\u00e3o mensal e leva uma verdadeira for\u00e7a-tarefa a cada localidade, deixando resultados vis\u00edveis e imediatos que s\u00e3o a marca do trabalho constante que a Prefeitura de Caruaru e a Secretaria de Servi\u00e7os P\u00fablicos v\u00eam fazendo\u201d.<br \/>\nSiga o Instagram @portaledvaldomagalhaes<br \/>\nCard: Divulga\u00e7\u00e3o <\/p>\n","protected":false},"excerpt":{"rendered":"<p>A Prefeitura de Caruaru, por meio da Secretaria de Servi\u00e7os P\u00fablicos (Sesp), realiza nesta ter\u00e7a-feira (11) mais uma edi\u00e7\u00e3o do&hellip;<\/p>\n","protected":false},"author":1,"featured_media":124304,"comment_status":"closed","ping_status":"open","sticky":false,"template":"","format":"standard","meta":{"footnotes":""},"categories":[1],"tags":[13146,35226,34634],"class_list":["post-124532","post","type-post","status-publish","format-standard","has-post-thumbnail","hentry","category-sem-categoria","tag-blog-edvaldo-magalhaes","tag-cuidando-dos-bairros-prefeitura-na-porta-leva-servicos-de-zeladoria-ao-sao-joao-da-escocia","tag-portal-edvaldo-magalhaes"],"_links":{"self":[{"href":"https:\/\/blogdoedvaldomagalhaes.com.br\/index.php\/wp-json\/wp\/v2\/posts\/124532","targetHints":{"allow":["GET"]}}],"collection":[{"href":"https:\/\/blogdoedvaldomagalhaes.com.br\/index.php\/wp-json\/wp\/v2\/posts"}],"about":[{"href":"https:\/\/blogdoedvaldomagalhaes.com.br\/index.php\/wp-json\/wp\/v2\/types\/post"}],"author":[{"embeddable":true,"href":"https:\/\/blogdoedvaldomagalhaes.com.br\/index.php\/wp-json\/wp\/v2\/users\/1"}],"replies":[{"embeddable":true,"href":"https:\/\/blogdoedvaldomagalhaes.com.br\/index.php\/wp-json\/wp\/v2\/comments?post=124532"}],"version-history":[{"count":1,"href":"https:\/\/blogdoedvaldomagalhaes.com.br\/index.php\/wp-json\/wp\/v2\/posts\/124532\/revisions"}],"predecessor-version":[{"id":124533,"href":"https:\/\/blogdoedvaldomagalhaes.com.br\/index.php\/wp-json\/wp\/v2\/posts\/124532\/revisions\/124533"}],"wp:featuredmedia":[{"embeddable":true,"href":"https:\/\/blogdoedvaldomagalhaes.com.br\/index.php\/wp-json\/wp\/v2\/media\/124304"}],"wp:attachment":[{"href":"https:\/\/blogdoedvaldomagalhaes.com.br\/index.php\/wp-json\/wp\/v2\/media?parent=124532"}],"wp:term":[{"taxonomy":"category","embeddable":true,"href":"https:\/\/blogdoedvaldomagalhaes.com.br\/index.php\/wp-json\/wp\/v2\/categories?post=124532"},{"taxonomy":"post_tag","embeddable":true,"href":"https:\/\/blogdoedvaldomagalhaes.com.br\/index.php\/wp-json\/wp\/v2\/tags?post=124532"}],"curies":[{"name":"wp","href":"https:\/\/api.w.org\/{rel}","templated":true}]}}